{"id":927,"date":"2011-10-17T10:49:38","date_gmt":"2011-10-17T08:49:38","guid":{"rendered":"http:\/\/observatorio.zeus.umh.es\/?p=927"},"modified":"2011-12-07T13:22:33","modified_gmt":"2011-12-07T12:22:33","slug":"rafa-cano-un-ambientologo-voluntario-europeo","status":"publish","type":"post","link":"https:\/\/observatorio.umh.es\/en\/2011\/10\/17\/rafa-cano-un-ambientologo-voluntario-europeo\/","title":{"rendered":"Rafa Cano: un ambient\u00f3logo voluntario europeo"},"content":{"rendered":"<p><\/p>\n<p><p style=\"text-align: justify\"><a href=\"https:\/\/observatorio.umh.es\/files\/2011\/10\/rafael-cano.jpg\"><img loading=\"lazy\" class=\"alignleft size-medium wp-image-928\" src=\"https:\/\/observatorio.umh.es\/files\/2011\/10\/rafael-cano-300x225.jpg\" alt=\"\" width=\"243\" height=\"183\" srcset=\"https:\/\/observatorio.umh.es\/files\/2011\/10\/rafael-cano-300x225.jpg 300w, https:\/\/observatorio.umh.es\/files\/2011\/10\/rafael-cano.jpg 870w\" sizes=\"(max-width: 243px) 100vw, 243px\" \/><\/a>Rafael Cano, reci\u00e9n titulado en Ciencias Ambientales por la UMH, se marcha un a\u00f1o\u00a0por el\u00a0Servicio\u00a0de\u00a0Voluntariado Europeo (SVE)\u00a0a Bojum, Alemania. Pero antes, se acerc\u00f3 al edificio de Rectorado para dejarse grabar por el Observatorio Ocupacional\u00a0y nos explicase\u00a0el camino que ha seguido para conseguir esta tentadora experiencia. Cano tuvo que buscar por su cuenta,\u00a0enviar cartas de motivaci\u00f3n a diferentes partes del mundo, tener que leer respuestas negativas pero, al cabo de un tiempo, tambi\u00e9n positivas. Finalmente,\u00a0\u00a0pudo escoger entre varias ofertas\u00a0la que m\u00e1s le gustaba: una empresa de\u00a0arquitectura e ingenier\u00eda\u00a0que este a\u00f1o necesitaba un voluntario espa\u00f1ol para coordinar proyectos de prevenci\u00f3n ambiental en un monte de M\u00e1laga.<\/p>\n<p style=\"text-align: justify\">El Observatorio Ocupcional te desea suerte y una buena experiencia.<\/p>\n<p style=\"text-align: justify\">Puedes ver una entrevista en\u00a0los siguientes\u00a0enlaces:\u00a0<a href=\"http:\/\/www.youtube.com\/user\/observatorioumh#p\/u\/0\/760GGN5Xm-I\">Entrevista a Rafa Cano (Parte 1)<\/a>\u00a0&#8211; <a href=\"http:\/\/www.youtube.com\/user\/observatorioumh?feature=mhsn#p\/u\/0\/wARqZ627lYk\">Entrevista a Rafa Cano (Parte 2)<\/a>\u00a0<\/p>\n<p style=\"text-align: justify\">\u00a0Si t\u00fa tambi\u00e9n tienes algo que contar, contacta con el Observatorio Ocupacional.<\/p>\n<p style=\"text-align: justify\">\u00a0<\/p>\n<p style=\"text-align: justify\">\u00a0<\/p>\n<\/p>\n<p><\/p>\n<div class='bookmarkify'><a name='bookmarkify'><\/a><div class='linkbuttons'><a href='http:\/\/www.facebook.com\/share.php?u=https:\/\/observatorio.umh.es\/en\/2011\/10\/17\/rafa-cano-un-ambientologo-voluntario-europeo\/' title='Save to Facebook' onclick='target=\"_blank\";' rel='nofollow'><img src='https:\/\/observatorio.umh.es\/wp-content\/plugins\/bookmarkify\/facebook.png' style='width:16px; height:16px;' alt='[Facebook] ' \/><\/a> <a href='http:\/\/www.google.com\/bookmarks\/mark?op=edit&amp;output=popup&amp;bkmk=https:\/\/observatorio.umh.es\/en\/2011\/10\/17\/rafa-cano-un-ambientologo-voluntario-europeo\/&amp;title=Rafa Cano: un ambient\u00f3logo voluntario europeo' title='Save to Google Bookmarks' onclick='target=\"_blank\";' rel='nofollow'><img src='https:\/\/observatorio.umh.es\/wp-content\/plugins\/bookmarkify\/google.png' style='width:16px; height:16px;' alt='[Google] ' \/><\/a> <a href='http:\/\/twitter.com\/home\/?status=Rafa Cano: un ambient\u00f3logo voluntario europeo+https:\/\/observatorio.umh.es\/en\/2011\/10\/17\/rafa-cano-un-ambientologo-voluntario-europeo\/' title='Save to Twitter' onclick='target=\"_blank\";' rel='nofollow'><img src='https:\/\/observatorio.umh.es\/wp-content\/plugins\/bookmarkify\/twitter.png' style='width:16px; height:16px;' alt='[Twitter] ' \/><\/a> <\/div><\/div>","protected":false},"excerpt":{"rendered":"<p>Rafael Cano, reci\u00e9n titulado en Ciencias Ambientales por la UMH, se marcha un a\u00f1o\u00a0por el\u00a0Servicio\u00a0de\u00a0Voluntariado Europeo (SVE)\u00a0a Bojum, Alemania. Pero antes, se acerc\u00f3 al edificio de Rectorado para dejarse grabar por el Observatorio Ocupacional\u00a0y nos explicase\u00a0el camino que ha seguido para conseguir esta tentadora experiencia. Cano tuvo que buscar por su cuenta,\u00a0enviar cartas de motivaci\u00f3n [&#8230;]<\/p>\n","protected":false},"author":357,"featured_media":0,"comment_status":"closed","ping_status":"closed","sticky":false,"template":"","format":"standard","meta":{"_links_to":"","_links_to_target":""},"categories":[1649],"tags":[1783],"_links":{"self":[{"href":"https:\/\/observatorio.umh.es\/en\/wp-json\/wp\/v2\/posts\/927"}],"collection":[{"href":"https:\/\/observatorio.umh.es\/en\/wp-json\/wp\/v2\/posts"}],"about":[{"href":"https:\/\/observatorio.umh.es\/en\/wp-json\/wp\/v2\/types\/post"}],"author":[{"embeddable":true,"href":"https:\/\/observatorio.umh.es\/en\/wp-json\/wp\/v2\/users\/357"}],"replies":[{"embeddable":true,"href":"https:\/\/observatorio.umh.es\/en\/wp-json\/wp\/v2\/comments?post=927"}],"version-history":[{"count":0,"href":"https:\/\/observatorio.umh.es\/en\/wp-json\/wp\/v2\/posts\/927\/revisions"}],"wp:attachment":[{"href":"https:\/\/observatorio.umh.es\/en\/wp-json\/wp\/v2\/media?parent=927"}],"wp:term":[{"taxonomy":"category","embeddable":true,"href":"https:\/\/observatorio.umh.es\/en\/wp-json\/wp\/v2\/categories?post=927"},{"taxonomy":"post_tag","embeddable":true,"href":"https:\/\/observatorio.umh.es\/en\/wp-json\/wp\/v2\/tags?post=927"}],"curies":[{"name":"wp","href":"https:\/\/api.w.org\/{rel}","templated":true}]}}