{"id":683,"date":"2011-07-07T11:54:03","date_gmt":"2011-07-07T09:54:03","guid":{"rendered":"http:\/\/observatorio.zeus.umh.es\/?p=683"},"modified":"2011-07-07T11:54:03","modified_gmt":"2011-07-07T09:54:03","slug":"4%c2%aa-edicion-del-programa-de-formacion-de-alumnos-en-emprendimiento","status":"publish","type":"post","link":"https:\/\/observatorio.umh.es\/en\/2011\/07\/07\/4%c2%aa-edicion-del-programa-de-formacion-de-alumnos-en-emprendimiento\/","title":{"rendered":"4\u00aa Edici\u00f3n del Programa de Formaci\u00f3n de Alumnos en Emprendimiento"},"content":{"rendered":"<p><span><span style=\"font-size: small\">El objetivo de este programa es formar en emprendimiento a una treintena de alumnos de todo el mundo, del <strong>25 de julio al 5 de agosto<\/strong>, <strong>en el Campus de Babson<\/strong> (Wellesley-<a href=\"http:\/\/es.wikipedia.org\/wiki\/Massachusetts\">Massachusetts<\/a>). El estudiante emprendedor UMH podr\u00e1 llegar el d\u00eda antes, 24, y marcharse el s\u00e1bado 6. La persona seleccionada pasar\u00e1 dos semanas de inmersi\u00f3n intensiva en cultura emprendedora.\u00a0Este programa incluye los costes de matriculaci\u00f3n y alojamiento. <strong>Los gastos de transporte est\u00e1n excluidos<\/strong>. Se exige <strong>dominio del idioma ingl\u00e9s<\/strong> puesto que no habr\u00e1 traducci\u00f3n\u00a0(se adjuntan los detalles del programa). <!--more-->Tras la reuni\u00f3n de la comisi\u00f3n encargada de seleccionar al estudiante participante (formada por el Vicerrector de Economia y Empresa, el Vicerrector de Estudiantes y Deportes y el Vicerrector de Relaciones Internacionales),\u00a0el estudio de\u00a0la\u00a0documentaci\u00f3n aportada por los candidatos, y teniendo en consideraci\u00f3n para su baremo el conocimiento del idioma ingl\u00e9s, el expediente acad\u00e9mico de la titulaci\u00f3n en curso, as\u00ed como las actividades relacionadas con la creaci\u00f3n de empresas, se acuerda seleccionar a D. Pedro Jes\u00fas Rosa Bermejo para la participaci\u00f3n en la 4\u00aa Edici\u00f3n del Programa de Formaci\u00f3n de Alumnos en Emprendimiento que Santander Universidades llevar\u00e1 a cabo del 25 de julio al 5 de agosto, en el Campus de Babson (Wellesley-<a href=\"http:\/\/es.wikipedia.org\/wiki\/Massachusetts\">Massachusetts<\/a> &#8211; Estados Unidos). \u00a0Asimismo, se selecciona a D\u00aa. Cristina Santamar\u00eda Meli\u00e1 y a D. Pablo Melgarejo S\u00e1nchez como primera y segundo suplente respectivamente, en caso de que el estudiante seleccionado en primer lugar renunciara.<span><span style=\"font-size: small\"><span><span style=\"font-size: small\"> <\/span><\/span><\/span><\/span><\/span><\/span><\/p>\n<p><span><span style=\"font-size: small\"><a href=\"https:\/\/observatorio.umh.es\/files\/2011\/07\/babson-enterprise-education-santander-u-students-print-version.pdf\">babson-enterprise-education-santander-u-students-print-version<\/a><\/span><\/span><\/p>\n<div class='bookmarkify'><a name='bookmarkify'><\/a><div class='linkbuttons'><a href='http:\/\/www.facebook.com\/share.php?u=https:\/\/observatorio.umh.es\/en\/2011\/07\/07\/4%c2%aa-edicion-del-programa-de-formacion-de-alumnos-en-emprendimiento\/' title='Save to Facebook' onclick='target=\"_blank\";' rel='nofollow'><img src='https:\/\/observatorio.umh.es\/wp-content\/plugins\/bookmarkify\/facebook.png' style='width:16px; height:16px;' alt='[Facebook] ' \/><\/a> <a href='http:\/\/www.google.com\/bookmarks\/mark?op=edit&amp;output=popup&amp;bkmk=https:\/\/observatorio.umh.es\/en\/2011\/07\/07\/4%c2%aa-edicion-del-programa-de-formacion-de-alumnos-en-emprendimiento\/&amp;title=4\u00aa Edici\u00f3n del Programa de Formaci\u00f3n de Alumnos en Emprendimiento' title='Save to Google Bookmarks' onclick='target=\"_blank\";' rel='nofollow'><img src='https:\/\/observatorio.umh.es\/wp-content\/plugins\/bookmarkify\/google.png' style='width:16px; height:16px;' alt='[Google] ' \/><\/a> <a href='http:\/\/twitter.com\/home\/?status=4\u00aa Edici\u00f3n del Programa de Formaci\u00f3n de Alumnos en Emprendimiento+https:\/\/observatorio.umh.es\/en\/2011\/07\/07\/4%c2%aa-edicion-del-programa-de-formacion-de-alumnos-en-emprendimiento\/' title='Save to Twitter' onclick='target=\"_blank\";' rel='nofollow'><img src='https:\/\/observatorio.umh.es\/wp-content\/plugins\/bookmarkify\/twitter.png' style='width:16px; height:16px;' alt='[Twitter] ' \/><\/a> <\/div><\/div>","protected":false},"excerpt":{"rendered":"<p>El objetivo de este programa es formar en emprendimiento a una treintena de alumnos de todo el mundo, del 25 de julio al 5 de agosto, en el Campus de Babson (Wellesley-Massachusetts). El estudiante emprendedor UMH podr\u00e1 llegar el d\u00eda antes, 24, y marcharse el s\u00e1bado 6. La persona seleccionada pasar\u00e1 dos semanas de inmersi\u00f3n [&#8230;]<\/p>\n","protected":false},"author":357,"featured_media":0,"comment_status":"closed","ping_status":"closed","sticky":false,"template":"","format":"standard","meta":{"_links_to":"","_links_to_target":""},"categories":[1640],"tags":[1692,1755],"_links":{"self":[{"href":"https:\/\/observatorio.umh.es\/en\/wp-json\/wp\/v2\/posts\/683"}],"collection":[{"href":"https:\/\/observatorio.umh.es\/en\/wp-json\/wp\/v2\/posts"}],"about":[{"href":"https:\/\/observatorio.umh.es\/en\/wp-json\/wp\/v2\/types\/post"}],"author":[{"embeddable":true,"href":"https:\/\/observatorio.umh.es\/en\/wp-json\/wp\/v2\/users\/357"}],"replies":[{"embeddable":true,"href":"https:\/\/observatorio.umh.es\/en\/wp-json\/wp\/v2\/comments?post=683"}],"version-history":[{"count":0,"href":"https:\/\/observatorio.umh.es\/en\/wp-json\/wp\/v2\/posts\/683\/revisions"}],"wp:attachment":[{"href":"https:\/\/observatorio.umh.es\/en\/wp-json\/wp\/v2\/media?parent=683"}],"wp:term":[{"taxonomy":"category","embeddable":true,"href":"https:\/\/observatorio.umh.es\/en\/wp-json\/wp\/v2\/categories?post=683"},{"taxonomy":"post_tag","embeddable":true,"href":"https:\/\/observatorio.umh.es\/en\/wp-json\/wp\/v2\/tags?post=683"}],"curies":[{"name":"wp","href":"https:\/\/api.w.org\/{rel}","templated":true}]}}