{"id":18681,"date":"2026-09-02T15:07:11","date_gmt":"2026-09-02T13:07:11","guid":{"rendered":"https:\/\/observatorio.umh.es\/?p=18681"},"modified":"2026-09-02T15:10:05","modified_gmt":"2026-09-02T13:10:05","slug":"microcredencial-en-direccion-de-equipos","status":"publish","type":"post","link":"https:\/\/observatorio.umh.es\/en\/2026\/09\/02\/microcredencial-en-direccion-de-equipos\/","title":{"rendered":"Microcredential in Team Management"},"content":{"rendered":"<p><\/p>\n<div class=\"content\">\n<p style=\"text-align: justify\"><a href=\"https:\/\/observatorio.umh.es\/files\/2026\/09\/Microcredencial-direccion-equipos-16-9.png\"><img loading=\"lazy\" class=\"size-medium wp-image-18678 alignleft\" src=\"https:\/\/observatorio.umh.es\/files\/2026\/09\/Microcredencial-direccion-equipos-16-9-300x169.png\" alt=\"\" width=\"300\" height=\"169\" srcset=\"https:\/\/observatorio.umh.es\/files\/2026\/09\/Microcredencial-direccion-equipos-16-9-300x169.png 300w, https:\/\/observatorio.umh.es\/files\/2026\/09\/Microcredencial-direccion-equipos-16-9-1024x576.png 1024w, https:\/\/observatorio.umh.es\/files\/2026\/09\/Microcredencial-direccion-equipos-16-9-768x432.png 768w, https:\/\/observatorio.umh.es\/files\/2026\/09\/Microcredencial-direccion-equipos-16-9-1536x864.png 1536w, https:\/\/observatorio.umh.es\/files\/2026\/09\/Microcredencial-direccion-equipos-16-9.png 1920w\" sizes=\"(max-width: 300px) 100vw, 300px\" \/><\/a><span dir=\"auto\" style=\"vertical-align: inherit\"><span dir=\"auto\" style=\"vertical-align: inherit\">The <\/span><\/span><strong><span dir=\"auto\" style=\"vertical-align: inherit\"><span dir=\"auto\" style=\"vertical-align: inherit\">Microcredential in Team Management<\/span><\/span><\/strong><span dir=\"auto\" style=\"vertical-align: inherit\"><span dir=\"auto\" style=\"vertical-align: inherit\"> \u00a0is an\u00a0 <\/span><\/span><strong><span dir=\"auto\" style=\"vertical-align: inherit\"><span dir=\"auto\" style=\"vertical-align: inherit\">in-person training<\/span><\/span><\/strong><span dir=\"auto\" style=\"vertical-align: inherit\"><span dir=\"auto\" style=\"vertical-align: inherit\"> qualification that will allow you to enhance your leadership skills, create efficient teams, and increase the productivity of companies and organizations. The program is structured into 20 theoretical and practical seminars and workshops (held between October and March), with a total duration of 60 hours.<\/span><\/span><\/p>\n<p style=\"text-align: justify\"><strong><span dir=\"auto\" style=\"vertical-align: inherit\"><span dir=\"auto\" style=\"vertical-align: inherit\">What advantages can this degree offer you?<\/span><\/span><\/strong><\/p>\n<ul style=\"text-align: justify\">\n<li><span dir=\"auto\" style=\"vertical-align: inherit\"><span dir=\"auto\" style=\"vertical-align: inherit\">You will be trained in team management. Most likely, you will soon have a team under your supervision, and it&#8217;s important that you know the keys to leading it effectively.<\/span><\/span><\/li>\n<li><span dir=\"auto\" style=\"vertical-align: inherit\"><span dir=\"auto\" style=\"vertical-align: inherit\">This is a very practical course, where real cases from participating companies are solved.<\/span><\/span><\/li>\n<li><span dir=\"auto\" style=\"vertical-align: inherit\"><span dir=\"auto\" style=\"vertical-align: inherit\">The instructors are professionals (human resources directors, training directors, or managers) from various companies and organizations. Close interaction is fostered, and networking is encouraged.<\/span><\/span><\/li>\n<li><span dir=\"auto\" style=\"vertical-align: inherit\"><span dir=\"auto\" style=\"vertical-align: inherit\">The course can be taken online or in a blended format, although we recommend that you attend the sessions.<\/span><\/span><\/li>\n<li><span dir=\"auto\" style=\"vertical-align: inherit\"><span dir=\"auto\" style=\"vertical-align: inherit\">Your classmates are usually professionals, so networking between classmates and teachers is encouraged.<\/span><\/span><\/li>\n<li><span dir=\"auto\" style=\"vertical-align: inherit\"><span dir=\"auto\" style=\"vertical-align: inherit\">Classes will be held on Friday afternoons (from 3 pm to 9 pm), complemented by online homework.<\/span><\/span><\/li>\n<li><span dir=\"auto\" style=\"vertical-align: inherit\"><span dir=\"auto\" style=\"vertical-align: inherit\">We will invite you to events and hold a final day of human resources and talent management.<\/span><\/span><\/li>\n<li><span dir=\"auto\" style=\"vertical-align: inherit\"><span dir=\"auto\" style=\"vertical-align: inherit\">The course is 200 hours long, with the possibility of doing voluntary internships in companies.<\/span><\/span><\/li>\n<li><span dir=\"auto\" style=\"vertical-align: inherit\"><span dir=\"auto\" style=\"vertical-align: inherit\">If you work, your company can finance it through Fundae.<\/span><\/span><\/li>\n<\/ul>\n<p style=\"text-align: justify\"><span dir=\"auto\" style=\"vertical-align: inherit\"><span dir=\"auto\" style=\"vertical-align: inherit\">The students from the first edition of the course were very satisfied. In fact, some participants have indicated that their professional situation has improved as a result. Therefore, if you&#8217;d like to speak with any of them, we&#8217;d be happy to connect you.<\/span><\/span><\/p>\n<p style=\"text-align: justify\"><span dir=\"auto\" style=\"vertical-align: inherit\"><span dir=\"auto\" style=\"vertical-align: inherit\">For more information, we recommend watching a\u00a0 <\/span><\/span><a href=\"https:\/\/www.youtube.com\/watch?v=thZk0vLP43Q&amp;feature=share\"><span dir=\"auto\" style=\"vertical-align: inherit\"><span dir=\"auto\" style=\"vertical-align: inherit\">video summary<\/span><\/span><\/a><span dir=\"auto\" style=\"vertical-align: inherit\"><span dir=\"auto\" style=\"vertical-align: inherit\"> . You can also visit the\u00a0 <\/span><\/span><a href=\"https:\/\/microcredencialequipos.umh.es\/\"><span dir=\"auto\" style=\"vertical-align: inherit\"><span dir=\"auto\" style=\"vertical-align: inherit\">microcredencial <\/span><\/span><\/a><a href=\"https:\/\/microcredencialequipos.umh.es\/\"><span dir=\"auto\" style=\"vertical-align: inherit\"><span dir=\"auto\" style=\"vertical-align: inherit\">equipos.umh.es<\/span><\/span><\/a><span dir=\"auto\" style=\"vertical-align: inherit\"><span dir=\"auto\" style=\"vertical-align: inherit\"> website , email\u00a0 <\/span><\/span><a class=\"mail-link\" data-enc-email=\"rkcregb.pbzcrgrapvnf[at]hzu.r\" data-wpel-link=\"ignore\"><span dir=\"auto\" style=\"vertical-align: inherit\"><span dir=\"auto\" style=\"vertical-align: inherit\">experto.competencias@umh.es<\/span><\/span><\/a><span dir=\"auto\" style=\"vertical-align: inherit\"><span dir=\"auto\" style=\"vertical-align: inherit\"> \u00a0, or call +34 96 665 87 00.<\/span><\/span><\/p>\n<p style=\"text-align: justify\"><span dir=\"auto\" style=\"vertical-align: inherit\"><span dir=\"auto\" style=\"vertical-align: inherit\">As for the content, it is grouped into 5 modules:<\/span><\/span><\/p>\n<ul style=\"text-align: justify\">\n<li><strong><span dir=\"auto\" style=\"vertical-align: inherit\"><span dir=\"auto\" style=\"vertical-align: inherit\">Leadership:<\/span><\/span><\/strong><span dir=\"auto\" style=\"vertical-align: inherit\"><span dir=\"auto\" style=\"vertical-align: inherit\"> Self-management and people management. Creativity in leadership. Emotional intelligence in leadership: empathize, connect, persuade. Leading by example. Influence in team management: convince, inspire, attract. Management skills: strategy and organizational structure.<\/span><\/span><\/li>\n<li><strong><span dir=\"auto\" style=\"vertical-align: inherit\"><span dir=\"auto\" style=\"vertical-align: inherit\">Coaching:<\/span><\/span><\/strong><span dir=\"auto\" style=\"vertical-align: inherit\"><span dir=\"auto\" style=\"vertical-align: inherit\"> Communication through Neuro-Linguistic Programming (NLP). Personal, business\/organizational, and team coaching. Initiative, change, and entrepreneurship. Workplace stress: strategies for managing it.<\/span><\/span><\/li>\n<li><strong><span dir=\"auto\" style=\"vertical-align: inherit\"><span dir=\"auto\" style=\"vertical-align: inherit\">Team Management:<\/span><\/span><\/strong><span dir=\"auto\" style=\"vertical-align: inherit\"><span dir=\"auto\" style=\"vertical-align: inherit\"> Assertiveness and empathy in the professional world. Managing interpersonal conflicts in the workplace. Burnout and mobbing: how to prevent them in your team. Strategies for organizing work teams.<\/span><\/span><\/li>\n<li><strong><span dir=\"auto\" style=\"vertical-align: inherit\"><span dir=\"auto\" style=\"vertical-align: inherit\">Project presentations:<\/span><\/span><\/strong><span dir=\"auto\" style=\"vertical-align: inherit\"><span dir=\"auto\" style=\"vertical-align: inherit\"> Keys to business success. Strategies for successful project presentations (building a personal brand). Networking: contact management. Developing communication skills in business: verbal and non-verbal communication.<\/span><\/span><\/li>\n<li><strong><span dir=\"auto\" style=\"vertical-align: inherit\"><span dir=\"auto\" style=\"vertical-align: inherit\">Productivity:<\/span><\/span><\/strong><span dir=\"auto\" style=\"vertical-align: inherit\"><span dir=\"auto\" style=\"vertical-align: inherit\"> Motivation, performance, and productivity in the workplace. Productivity tools and efficient time management. Happiness as a key to productivity. Productive habits at work.<\/span><\/span><\/li>\n<\/ul>\n<\/div>\n<p style=\"text-align: justify\"><span dir=\"auto\" style=\"vertical-align: inherit\"><span dir=\"auto\" style=\"vertical-align: inherit\">The teaching team is made up of expert professionals in the field of HR from companies in Alicante and Murcia, such as <\/span><\/span><strong><span dir=\"auto\" style=\"vertical-align: inherit\"><span dir=\"auto\" style=\"vertical-align: inherit\">Aludium, Clarios, Clavei, Corteva, Embargos a lo Bestia, Fundaci\u00f3n Pascual Ros Aguilar, Fundaci\u00f3n UMH, Hospital Universitario del Vinalop\u00f3, Jomipsa, Leuke, Pikolinos, Planeta Huerto, Serveo, Suavinex and<\/span><\/span><\/strong><span dir=\"auto\" style=\"vertical-align: inherit\"><span dir=\"auto\" style=\"vertical-align: inherit\"> the <\/span><\/span><strong><span dir=\"auto\" style=\"vertical-align: inherit\"><span dir=\"auto\" style=\"vertical-align: inherit\">Miguel Hern\u00e1ndez University of Elche<\/span><\/span><\/strong><span dir=\"auto\" style=\"vertical-align: inherit\"><span dir=\"auto\" style=\"vertical-align: inherit\"> , among others.<\/span><\/span><\/p>\n<div class=\"content\" style=\"text-align: justify\">\n<p style=\"text-align: justify\"><strong><span dir=\"auto\" style=\"vertical-align: inherit\"><span dir=\"auto\" style=\"vertical-align: inherit\">How do I register?<\/span><\/span><\/strong><span dir=\"auto\" style=\"vertical-align: inherit\"><span dir=\"auto\" style=\"vertical-align: inherit\"> Go to\u00a0 <\/span><\/span><a href=\"http:\/\/microcredencialequipos.umh.es\/\"><span dir=\"auto\" style=\"vertical-align: inherit\"><span dir=\"auto\" style=\"vertical-align: inherit\">http:\/\/micreocredencial.umh.es<\/span><\/span><\/a><span dir=\"auto\" style=\"vertical-align: inherit\"><span dir=\"auto\" style=\"vertical-align: inherit\"> and click on the &#8220;Registration&#8221; section. You can find more information on that website, or you can contact Susi Moratalla by email at a.moratalla@umh.es or by phone at +34 96 522 20 87.<\/span><\/span><\/p>\n<\/div>\n<p><\/p>\n<div class='bookmarkify'><a name='bookmarkify'><\/a><div class='linkbuttons'><a href='http:\/\/www.facebook.com\/share.php?u=https:\/\/observatorio.umh.es\/en\/2026\/09\/02\/microcredencial-en-direccion-de-equipos\/' title='Save to Facebook' onclick='target=\"_blank\";' rel='nofollow'><img src='https:\/\/observatorio.umh.es\/wp-content\/plugins\/bookmarkify\/facebook.png' style='width:16px; height:16px;' alt='[Facebook] ' \/><\/a> <a href='http:\/\/www.google.com\/bookmarks\/mark?op=edit&amp;output=popup&amp;bkmk=https:\/\/observatorio.umh.es\/en\/2026\/09\/02\/microcredencial-en-direccion-de-equipos\/&amp;title=Microcredential in Team Management' title='Save to Google Bookmarks' onclick='target=\"_blank\";' rel='nofollow'><img src='https:\/\/observatorio.umh.es\/wp-content\/plugins\/bookmarkify\/google.png' style='width:16px; height:16px;' alt='[Google] ' \/><\/a> <a href='http:\/\/twitter.com\/home\/?status=Microcredential in Team Management+https:\/\/observatorio.umh.es\/en\/2026\/09\/02\/microcredencial-en-direccion-de-equipos\/' title='Save to Twitter' onclick='target=\"_blank\";' rel='nofollow'><img src='https:\/\/observatorio.umh.es\/wp-content\/plugins\/bookmarkify\/twitter.png' style='width:16px; height:16px;' alt='[Twitter] ' \/><\/a> <\/div><\/div>","protected":false},"excerpt":{"rendered":"<p>The Microcredential in Team Management \u00a0is an\u00a0 in-person training qualification that will allow you to enhance your leadership skills, create efficient teams, and increase the productivity of companies and organizations. The program is structured into 20 theoretical and practical seminars and workshops (held between October and March), with a total duration of 60 hours.<br \/>\nWhat advantages [&#8230;]<\/p>\n","protected":false},"author":357,"featured_media":0,"comment_status":"closed","ping_status":"open","sticky":false,"template":"","format":"standard","meta":{"_links_to":"","_links_to_target":""},"categories":[509],"tags":[1503458],"_links":{"self":[{"href":"https:\/\/observatorio.umh.es\/en\/wp-json\/wp\/v2\/posts\/18681"}],"collection":[{"href":"https:\/\/observatorio.umh.es\/en\/wp-json\/wp\/v2\/posts"}],"about":[{"href":"https:\/\/observatorio.umh.es\/en\/wp-json\/wp\/v2\/types\/post"}],"author":[{"embeddable":true,"href":"https:\/\/observatorio.umh.es\/en\/wp-json\/wp\/v2\/users\/357"}],"replies":[{"embeddable":true,"href":"https:\/\/observatorio.umh.es\/en\/wp-json\/wp\/v2\/comments?post=18681"}],"version-history":[{"count":0,"href":"https:\/\/observatorio.umh.es\/en\/wp-json\/wp\/v2\/posts\/18681\/revisions"}],"wp:attachment":[{"href":"https:\/\/observatorio.umh.es\/en\/wp-json\/wp\/v2\/media?parent=18681"}],"wp:term":[{"taxonomy":"category","embeddable":true,"href":"https:\/\/observatorio.umh.es\/en\/wp-json\/wp\/v2\/categories?post=18681"},{"taxonomy":"post_tag","embeddable":true,"href":"https:\/\/observatorio.umh.es\/en\/wp-json\/wp\/v2\/tags?post=18681"}],"curies":[{"name":"wp","href":"https:\/\/api.w.org\/{rel}","templated":true}]}}