{"id":164,"date":"2010-06-22T18:10:27","date_gmt":"2010-06-22T17:10:27","guid":{"rendered":"http:\/\/observatorio.zeus.umh.es\/?p=164"},"modified":"2014-11-19T10:40:39","modified_gmt":"2014-11-19T09:40:39","slug":"final-de-mi-trabajo-de-campo-e-incorporacion-en-estudios-y-contratacion","status":"publish","type":"post","link":"https:\/\/observatorio.umh.es\/en\/2010\/06\/22\/final-de-mi-trabajo-de-campo-e-incorporacion-en-estudios-y-contratacion\/","title":{"rendered":"FINAL DE MI TRABAJO DE CAMPO E INCORPORACI\u00d3N EN ESTUDIOS Y CONTRATACI\u00d3N"},"content":{"rendered":"<p class=\"MsoNormal\" style=\"margin: 0cm 0cm 0pt;text-align: justify\"><span style=\"font-size: 10pt;font-family: Arial\">Ya ha llegado el momento de entregar toda la informaci\u00f3n que he recogido durante los \u00faltimos dos meses!!! <\/span><\/p>\n<p class=\"MsoNormal\" style=\"margin: 0cm 0cm 0pt;text-align: justify\"><span style=\"font-size: 10pt;font-family: Arial\"><!--more-->Desde la central de <strong><a href=\"http:\/\/www.acciona-medioambiente.es\/\">Acciona Medio Ambiente<\/a><\/strong> en Valencia, donde pas\u00e9 el mes de Marzo como becaria, compa\u00f1eros del <strong>Dpto. de Estudios<span> <\/span>y Contrataci\u00f3n<\/strong> se han puesto en contacto conmigo para ordenar el inventariado que he realizado y redactar los documentos con el formato conveniente que la empresa utiliza y que desde la universidad exigen. As\u00ed que me he reunido con ellos un par de veces y he redactado los documentos que me han pedido: he ordenado los <strong>datos de inventariado <\/strong>a trav\u00e9s de informes con <strong>observaciones, particularidades y conclusiones<\/strong> que he tomado de cada campus, estos informes van acompa\u00f1ados de <strong>fotograf\u00edas<\/strong>. Tambi\u00e9n he redactado un informe sobre el <strong>programa INGRID<\/strong> con el que estoy trabajando por ordenador, he recogido las posibles <strong>mejoras con respecto a las plantaciones existentes<\/strong>, y, por \u00faltimo, la <strong>maquinaria agr\u00edcola, herramientas y veh\u00edculos<\/strong> que se utilizan para realizar las labores de mantenimiento en cada campus.<\/span><\/p>\n<p class=\"MsoNormal\" style=\"margin: 0cm 0cm 0pt;text-align: justify\"><span style=\"font-size: 10pt;font-family: Arial\"> <\/span><span style=\"font-size: 10pt;font-family: Arial\">En un servicio de mantenimiento, cuantos m\u00e1s detalles mejor para hacerse una idea de los trabajos a realizar. Por ejemplo, se tiene que tener en cuenta d\u00f3nde se encuentran las zonas en las que se exige silencio en cada campus, es decir, las bibliotecas y aularios, para organizar el planning de trabajo en esas zonas en franjas horarias adecuadas para no molestar al alumnado y al personal de la universidad.<\/span><\/p>\n<p class=\"MsoNormal\" style=\"margin: 0cm 0cm 0pt;text-align: justify\"><span style=\"font-size: 10pt;font-family: Arial\">A partir de la entrega a la <strong><a href=\"www.umh.es\">UMH<\/a><\/strong><strong> <\/strong>de toda esta informaci\u00f3n, he continuado colaborando en la <strong>Delegaci\u00f3n<\/strong><strong> de Levante de Acciona Medio Ambiente<\/strong>. Hasta el d\u00eda de finalizaci\u00f3n de mi beca, voy a pertenecer al <strong>Dpto de<\/strong> <strong>Estudios T\u00e9cnicos y Contrataci\u00f3n<\/strong>. Junto a mi compa\u00f1era Esther Cuerda, <em>Ingeniera Agr\u00f3noma<\/em> y <em>T\u00e9cnica de Estudios<\/em>, voy a <strong>estudiar proyectos para preparar licitaciones<\/strong>. Y no empiezo desde cero, ya que tuve la oportunidad durante el pasado mes de marzo, de aprender el funcionamiento b\u00e1sico de un departamento como este en las oficinas centrales en Valencia. La semana pasada me desplac\u00e9 a fotografiar las \u00e1reas de actuaci\u00f3n pertenecientes a las licitaciones que estamos preparando actualmente, y ahora, ya estamos puestas manos a la obra para preparar los informes t\u00e9cnicos con todo detalle. <\/span><\/p>\n<p class=\"MsoNormal\" style=\"margin: 0cm 0cm 0pt;text-align: justify\">\n<p class=\"MsoNormal\" style=\"margin: 0cm 0cm 0pt;text-align: justify\">\n<p class=\"MsoNormal\" style=\"margin: 0cm 0cm 0pt;text-align: justify\">\n<div class='bookmarkify'><a name='bookmarkify'><\/a><div class='linkbuttons'><a href='http:\/\/www.facebook.com\/share.php?u=https:\/\/observatorio.umh.es\/en\/2010\/06\/22\/final-de-mi-trabajo-de-campo-e-incorporacion-en-estudios-y-contratacion\/' title='Save to Facebook' onclick='target=\"_blank\";' rel='nofollow'><img src='https:\/\/observatorio.umh.es\/wp-content\/plugins\/bookmarkify\/facebook.png' style='width:16px; height:16px;' alt='[Facebook] ' \/><\/a> <a href='http:\/\/www.google.com\/bookmarks\/mark?op=edit&amp;output=popup&amp;bkmk=https:\/\/observatorio.umh.es\/en\/2010\/06\/22\/final-de-mi-trabajo-de-campo-e-incorporacion-en-estudios-y-contratacion\/&amp;title=FINAL DE MI TRABAJO DE CAMPO E INCORPORACI\u00d3N EN ESTUDIOS Y CONTRATACI\u00d3N' title='Save to Google Bookmarks' onclick='target=\"_blank\";' rel='nofollow'><img src='https:\/\/observatorio.umh.es\/wp-content\/plugins\/bookmarkify\/google.png' style='width:16px; height:16px;' alt='[Google] ' \/><\/a> <a href='http:\/\/twitter.com\/home\/?status=FINAL DE MI TRABAJO DE CAMPO E INCORPORACI\u00d3N EN ESTUDIOS Y CONTRATACI\u00d3N+https:\/\/observatorio.umh.es\/en\/2010\/06\/22\/final-de-mi-trabajo-de-campo-e-incorporacion-en-estudios-y-contratacion\/' title='Save to Twitter' onclick='target=\"_blank\";' rel='nofollow'><img src='https:\/\/observatorio.umh.es\/wp-content\/plugins\/bookmarkify\/twitter.png' style='width:16px; height:16px;' alt='[Twitter] ' \/><\/a> <\/div><\/div>","protected":false},"excerpt":{"rendered":"<p>Ya ha llegado el momento de entregar toda la informaci\u00f3n que he recogido durante los \u00faltimos dos meses!!!<br \/>\nDesde la central de Acciona Medio Ambiente en Valencia, donde pas\u00e9 el mes de Marzo como becaria, compa\u00f1eros del Dpto. de Estudios y Contrataci\u00f3n se han puesto en contacto conmigo para ordenar el inventariado que he realizado [&#8230;]<\/p>\n","protected":false},"author":450,"featured_media":0,"comment_status":"closed","ping_status":"open","sticky":false,"template":"","format":"standard","meta":{"_links_to":"","_links_to_target":""},"categories":[1640],"tags":[1647],"_links":{"self":[{"href":"https:\/\/observatorio.umh.es\/en\/wp-json\/wp\/v2\/posts\/164"}],"collection":[{"href":"https:\/\/observatorio.umh.es\/en\/wp-json\/wp\/v2\/posts"}],"about":[{"href":"https:\/\/observatorio.umh.es\/en\/wp-json\/wp\/v2\/types\/post"}],"author":[{"embeddable":true,"href":"https:\/\/observatorio.umh.es\/en\/wp-json\/wp\/v2\/users\/450"}],"replies":[{"embeddable":true,"href":"https:\/\/observatorio.umh.es\/en\/wp-json\/wp\/v2\/comments?post=164"}],"version-history":[{"count":0,"href":"https:\/\/observatorio.umh.es\/en\/wp-json\/wp\/v2\/posts\/164\/revisions"}],"wp:attachment":[{"href":"https:\/\/observatorio.umh.es\/en\/wp-json\/wp\/v2\/media?parent=164"}],"wp:term":[{"taxonomy":"category","embeddable":true,"href":"https:\/\/observatorio.umh.es\/en\/wp-json\/wp\/v2\/categories?post=164"},{"taxonomy":"post_tag","embeddable":true,"href":"https:\/\/observatorio.umh.es\/en\/wp-json\/wp\/v2\/tags?post=164"}],"curies":[{"name":"wp","href":"https:\/\/api.w.org\/{rel}","templated":true}]}}