{"id":1039,"date":"2011-11-04T16:21:56","date_gmt":"2011-11-04T14:21:56","guid":{"rendered":"http:\/\/observatorio.zeus.umh.es\/?p=1039"},"modified":"2012-04-23T12:01:08","modified_gmt":"2012-04-23T11:01:08","slug":"jornada-reforma-fiscal-e-impuestos-sobre-patrimonio-en-estructuras-empresariales-familiares","status":"publish","type":"post","link":"https:\/\/observatorio.umh.es\/en\/2011\/11\/04\/jornada-reforma-fiscal-e-impuestos-sobre-patrimonio-en-estructuras-empresariales-familiares\/","title":{"rendered":"Jornada &#8220;Reforma Fiscal e Impuestos sobre Patrimonio en Estructuras Empresariales Familiares&#8221;"},"content":{"rendered":"<p style=\"text-align: justify\">El Parque Cient\u00edfico y Empresarial de la Universidad Miguel Hern\u00e1ndez se complace en invitarle a la jornada &#8220;Reforma Fiscal e Impuestos sobre Patrimonio en Estructuras Empresariales Familiares&#8221;, organizada junto con el despacho de abogdos Cuatrecasas, Gon\u00e7alves Pereira. La jornada se celebrar\u00e1 el <strong>martes 8 de noviembre<\/strong> de 2011, a las <strong>18 horas<\/strong>, en el <strong>edificio Qu\u00f3rum I del Parque Cient\u00edfico y Empresarial de la Universidad Miguel Hern\u00e1ndez de Elche<\/strong>.<\/p>\n<p style=\"text-align: justify\"><a href=\"https:\/\/observatorio.umh.es\/files\/2011\/11\/programa-reforma-fiscal-e-impuestos-sobre-patrimonio.pdf\">programa-reforma-fiscal-e-impuestos-sobre-patrimonio<\/a>\u00a0&#8211; <a href=\"https:\/\/observatorio.umh.es\/files\/2011\/11\/plano-quorum-i.pdf\">plano-quorum-i<\/a><\/p>\n<div class='bookmarkify'><a name='bookmarkify'><\/a><div class='linkbuttons'><a href='http:\/\/www.facebook.com\/share.php?u=https:\/\/observatorio.umh.es\/en\/2011\/11\/04\/jornada-reforma-fiscal-e-impuestos-sobre-patrimonio-en-estructuras-empresariales-familiares\/' title='Save to Facebook' onclick='target=\"_blank\";' rel='nofollow'><img src='https:\/\/observatorio.umh.es\/wp-content\/plugins\/bookmarkify\/facebook.png' style='width:16px; height:16px;' alt='[Facebook] ' \/><\/a> <a href='http:\/\/www.google.com\/bookmarks\/mark?op=edit&amp;output=popup&amp;bkmk=https:\/\/observatorio.umh.es\/en\/2011\/11\/04\/jornada-reforma-fiscal-e-impuestos-sobre-patrimonio-en-estructuras-empresariales-familiares\/&amp;title=Jornada &#8220;Reforma Fiscal e Impuestos sobre Patrimonio en Estructuras Empresariales Familiares&#8221;' title='Save to Google Bookmarks' onclick='target=\"_blank\";' rel='nofollow'><img src='https:\/\/observatorio.umh.es\/wp-content\/plugins\/bookmarkify\/google.png' style='width:16px; height:16px;' alt='[Google] ' \/><\/a> <a href='http:\/\/twitter.com\/home\/?status=Jornada &#8220;Reforma Fiscal e Impuestos sobre Patrimonio en Estructuras Empresariales Familiares&#8221;+https:\/\/observatorio.umh.es\/en\/2011\/11\/04\/jornada-reforma-fiscal-e-impuestos-sobre-patrimonio-en-estructuras-empresariales-familiares\/' title='Save to Twitter' onclick='target=\"_blank\";' rel='nofollow'><img src='https:\/\/observatorio.umh.es\/wp-content\/plugins\/bookmarkify\/twitter.png' style='width:16px; height:16px;' alt='[Twitter] ' \/><\/a> <\/div><\/div>","protected":false},"excerpt":{"rendered":"<p>El Parque Cient\u00edfico y Empresarial de la Universidad Miguel Hern\u00e1ndez se complace en invitarle a la jornada &#8220;Reforma Fiscal e Impuestos sobre Patrimonio en Estructuras Empresariales Familiares&#8221;, organizada junto con el despacho de abogdos Cuatrecasas, Gon\u00e7alves Pereira. La jornada se celebrar\u00e1 el martes 8 de noviembre de 2011, a las 18 horas, en el edificio [&#8230;]<\/p>\n","protected":false},"author":357,"featured_media":0,"comment_status":"closed","ping_status":"closed","sticky":false,"template":"","format":"standard","meta":{"_links_to":"","_links_to_target":""},"categories":[509,4,1648],"tags":[],"_links":{"self":[{"href":"https:\/\/observatorio.umh.es\/en\/wp-json\/wp\/v2\/posts\/1039"}],"collection":[{"href":"https:\/\/observatorio.umh.es\/en\/wp-json\/wp\/v2\/posts"}],"about":[{"href":"https:\/\/observatorio.umh.es\/en\/wp-json\/wp\/v2\/types\/post"}],"author":[{"embeddable":true,"href":"https:\/\/observatorio.umh.es\/en\/wp-json\/wp\/v2\/users\/357"}],"replies":[{"embeddable":true,"href":"https:\/\/observatorio.umh.es\/en\/wp-json\/wp\/v2\/comments?post=1039"}],"version-history":[{"count":0,"href":"https:\/\/observatorio.umh.es\/en\/wp-json\/wp\/v2\/posts\/1039\/revisions"}],"wp:attachment":[{"href":"https:\/\/observatorio.umh.es\/en\/wp-json\/wp\/v2\/media?parent=1039"}],"wp:term":[{"taxonomy":"category","embeddable":true,"href":"https:\/\/observatorio.umh.es\/en\/wp-json\/wp\/v2\/categories?post=1039"},{"taxonomy":"post_tag","embeddable":true,"href":"https:\/\/observatorio.umh.es\/en\/wp-json\/wp\/v2\/tags?post=1039"}],"curies":[{"name":"wp","href":"https:\/\/api.w.org\/{rel}","templated":true}]}}