{"id":907,"date":"2011-10-09T14:12:50","date_gmt":"2011-10-09T12:12:50","guid":{"rendered":"http:\/\/observatorio.zeus.umh.es\/?p=907"},"modified":"2011-10-09T14:12:50","modified_gmt":"2011-10-09T12:12:50","slug":"l%c2%b4oreal-espana-sa-en-colaboracion-con-fundacion-universia-convoca-la-3%c2%aa-edicion-del-programa-juntos-podemos","status":"publish","type":"post","link":"https:\/\/observatorio.umh.es\/ca\/2011\/10\/09\/l%c2%b4oreal-espana-sa-en-colaboracion-con-fundacion-universia-convoca-la-3%c2%aa-edicion-del-programa-juntos-podemos\/","title":{"rendered":"Programa &#8220;JuntOs pOdemos&#8221; (L\u00b4Or\u00e9al Espa\u00f1a y Fundaci\u00f3n Universia)"},"content":{"rendered":"<p style=\"text-align: justify\"><a href=\"www.empleo.fundacionuniversia.net\"><img loading=\"lazy\" class=\"alignleft size-full wp-image-908\" style=\"margin: 20px\" src=\"https:\/\/observatorio.umh.es\/files\/2011\/10\/adecco-loreal.jpg\" alt=\"\" width=\"111\" height=\"220\" srcset=\"https:\/\/observatorio.umh.es\/files\/2011\/10\/adecco-loreal.jpg 441w, https:\/\/observatorio.umh.es\/files\/2011\/10\/adecco-loreal-151x300.jpg 151w\" sizes=\"(max-width: 111px) 100vw, 111px\" \/><\/a>El objetivo del programa es ofrecer a universitarios con discapacidad formaci\u00f3n y experiencia en un entorno empresarial real, que favorezca la puesta en pr\u00e1ctica de conocimientos adquiridos en la universidad, con el fin de lograr una incorporaci\u00f3n efectiva en el mercado laboral.<\/p>\n<p style=\"text-align: justify\">Este programa est\u00e1 dirigido a universitarios con discapacidad interesados en adquirir y desarrollar competencias \u00a0profesionales. Se buscan universitarios de cualquier tipo de licenciatura, diplomatura o grado, con iniciativa, capaces de integrarse en un equipo de trabajo y participar en el logro de los objetivos de manera innovadora<\/p>\n<p style=\"text-align: justify\">\u2022 Incorporaci\u00f3n: durante todo el a\u00f1o<\/p>\n<p style=\"text-align: justify\">\u2022 Duraci\u00f3n: 6 meses<\/p>\n<p style=\"text-align: justify\">\u2022 Remuneraci\u00f3n: 550 euros brutos\/mes<\/p>\n<p style=\"text-align: justify\">\u2022 N\u00famero de vacantes: 5<\/p>\n<p style=\"text-align: justify\">\u2022 Departamentos de destino: Marketing, Trade Marketing, Ventas, Comunicaci\u00f3n, Finanzas y\u00a0RR.HH.<\/p>\n<p style=\"text-align: justify\">\u2022 D\u00f3nde: Madrid, sede de L\u2019Or\u00e9al Espa\u00f1a<\/p>\n<p style=\"text-align: justify\">Las pr\u00e1cticas se llevar\u00e1n a cabo en un edificio con un entorno laboral totalmente accesible y adaptado para personas con discapacidad. Un tutor de L\u2019Or\u00e9al Espa\u00f1a, SA y otro de la\u00a0Fundaci\u00f3n Universia apoyar\u00e1n y asesorar\u00e1n a los universitarios durante el transcurso del programa.<\/p>\n<ul style=\"text-align: justify\">\n<li><a href=\"https:\/\/observatorio.umh.es\/files\/2011\/10\/loreal_juntos-podemos-2011-2.pdf\">D\u00edptico informativo de la convocatoria<\/a><\/li>\n<\/ul>\n<div class='bookmarkify'><a name='bookmarkify'><\/a><div class='linkbuttons'><a href='http:\/\/www.facebook.com\/share.php?u=https:\/\/observatorio.umh.es\/ca\/2011\/10\/09\/l%c2%b4oreal-espana-sa-en-colaboracion-con-fundacion-universia-convoca-la-3%c2%aa-edicion-del-programa-juntos-podemos\/' title='Save to Facebook' onclick='target=\"_blank\";' rel='nofollow'><img src='https:\/\/observatorio.umh.es\/wp-content\/plugins\/bookmarkify\/facebook.png' style='width:16px; height:16px;' alt='[Facebook] ' \/><\/a> <a href='http:\/\/www.google.com\/bookmarks\/mark?op=edit&amp;output=popup&amp;bkmk=https:\/\/observatorio.umh.es\/ca\/2011\/10\/09\/l%c2%b4oreal-espana-sa-en-colaboracion-con-fundacion-universia-convoca-la-3%c2%aa-edicion-del-programa-juntos-podemos\/&amp;title=Programa &#8220;JuntOs pOdemos&#8221; (L\u00b4Or\u00e9al Espa\u00f1a y Fundaci\u00f3n Universia)' title='Save to Google Bookmarks' onclick='target=\"_blank\";' rel='nofollow'><img src='https:\/\/observatorio.umh.es\/wp-content\/plugins\/bookmarkify\/google.png' style='width:16px; height:16px;' alt='[Google] ' \/><\/a> <a href='http:\/\/twitter.com\/home\/?status=Programa &#8220;JuntOs pOdemos&#8221; (L\u00b4Or\u00e9al Espa\u00f1a y Fundaci\u00f3n Universia)+https:\/\/observatorio.umh.es\/ca\/2011\/10\/09\/l%c2%b4oreal-espana-sa-en-colaboracion-con-fundacion-universia-convoca-la-3%c2%aa-edicion-del-programa-juntos-podemos\/' title='Save to Twitter' onclick='target=\"_blank\";' rel='nofollow'><img src='https:\/\/observatorio.umh.es\/wp-content\/plugins\/bookmarkify\/twitter.png' style='width:16px; height:16px;' alt='[Twitter] ' \/><\/a> <\/div><\/div>","protected":false},"excerpt":{"rendered":"<p>El objetivo del programa es ofrecer a universitarios con discapacidad formaci\u00f3n y experiencia en un entorno empresarial real, que favorezca la puesta en pr\u00e1ctica de conocimientos adquiridos en la universidad, con el fin de lograr una incorporaci\u00f3n efectiva en el mercado laboral.<br \/>\nEste programa est\u00e1 dirigido a universitarios con discapacidad interesados en adquirir y desarrollar competencias [&#8230;]<\/p>\n","protected":false},"author":55,"featured_media":0,"comment_status":"closed","ping_status":"closed","sticky":false,"template":"","format":"standard","meta":{"_links_to":"","_links_to_target":""},"categories":[1640],"tags":[14,566,1691],"_links":{"self":[{"href":"https:\/\/observatorio.umh.es\/ca\/wp-json\/wp\/v2\/posts\/907"}],"collection":[{"href":"https:\/\/observatorio.umh.es\/ca\/wp-json\/wp\/v2\/posts"}],"about":[{"href":"https:\/\/observatorio.umh.es\/ca\/wp-json\/wp\/v2\/types\/post"}],"author":[{"embeddable":true,"href":"https:\/\/observatorio.umh.es\/ca\/wp-json\/wp\/v2\/users\/55"}],"replies":[{"embeddable":true,"href":"https:\/\/observatorio.umh.es\/ca\/wp-json\/wp\/v2\/comments?post=907"}],"version-history":[{"count":0,"href":"https:\/\/observatorio.umh.es\/ca\/wp-json\/wp\/v2\/posts\/907\/revisions"}],"wp:attachment":[{"href":"https:\/\/observatorio.umh.es\/ca\/wp-json\/wp\/v2\/media?parent=907"}],"wp:term":[{"taxonomy":"category","embeddable":true,"href":"https:\/\/observatorio.umh.es\/ca\/wp-json\/wp\/v2\/categories?post=907"},{"taxonomy":"post_tag","embeddable":true,"href":"https:\/\/observatorio.umh.es\/ca\/wp-json\/wp\/v2\/tags?post=907"}],"curies":[{"name":"wp","href":"https:\/\/api.w.org\/{rel}","templated":true}]}}