{"id":830,"date":"2011-09-22T15:09:09","date_gmt":"2011-09-22T13:09:09","guid":{"rendered":"http:\/\/observatorio.zeus.umh.es\/?p=830"},"modified":"2011-09-22T15:09:09","modified_gmt":"2011-09-22T13:09:09","slug":"actividades-en-el-centro-de-emprendedores-semana-del-26-al-30-de-septiembre","status":"publish","type":"post","link":"https:\/\/observatorio.umh.es\/ca\/2011\/09\/22\/actividades-en-el-centro-de-emprendedores-semana-del-26-al-30-de-septiembre\/","title":{"rendered":"Actividades en el Centro de Emprendedores &#8211; Semana del 26 al 30 de septiembre"},"content":{"rendered":"<p>Puedes consultar todas las actividades organizadas desde el Centro de Emprendedores (Agencia de Desarrollo Econ\u00f3mico y Social del Ayuntamiento de Alicante) m\u00e1s abajo, aunque te mostramos un resumen:<\/p>\n<p><a href=\"https:\/\/observatorio.umh.es\/files\/2011\/09\/logo_centro_emprendedores.jpg\"><img loading=\"lazy\" class=\"alignleft size-medium wp-image-831\" src=\"https:\/\/observatorio.umh.es\/files\/2011\/09\/logo_centro_emprendedores.jpg\" alt=\"\" width=\"187\" height=\"130\" \/><\/a>Martes 27 &#8211; de 9:30 a 11:30 horas.\u00a0<em><strong>El lider-Coach. Nuevo paradigma de liderazgo<\/strong><\/em><strong><em> \/\u00a0<\/em><\/strong>Martes 27, de 18:00 a 21:00\u00a0horas. <em><strong>Los 10 h\u00e1bitos imprescindibles para ser un emprendedor de \u00e9xito \/ <\/strong><\/em>&#8211; Mi\u00e9rcoles 28, 9:30 a 13:30 horas.<strong> <em>Direcci\u00f3n de\u00a0vendedores \/\u00a0<\/em><\/strong>Mi\u00e9rcoles 28 y jueves 29, 16 a 20 horas. <em><strong>C\u00f3mo crear mi empresa en Internet \/\u00a0<\/strong><\/em>Viernes 30, 9 a 14 y 16 a 19 horas.<strong> Curso de Protocolo empresarial. <em>Crea\u00a0 el manual de estilo de tu\u00a0empresa: M\u00f3dulo I<\/em><\/strong>\u00a0<!--more--><\/p>\n<p>Martes 27 &#8211; de 9:30 a 11:30 horas.\u00a0<em><strong>El lider-Coach. Nuevo paradigma de liderazgo.<\/strong><\/em><\/p>\n<p>Jornada organizada por la\u00a0<a href=\"http:\/\/agencialocal.us2.list-manage2.com\/track\/click?u=afb09990b9e5ff549cb738ed1&amp;id=17c86a118c&amp;e=771da038f3\"><strong>Federaci\u00f3n de J\u00f3venes Empresarios de la provincia de Alicante <\/strong><\/a>dentro del ciclo JOVEMPA Empresas, en la que <strong>Vicente Calatayud<\/strong>, socio director de <a href=\"http:\/\/agencialocal.us2.list-manage.com\/track\/click?u=afb09990b9e5ff549cb738ed1&amp;id=9f6dfa9f9e&amp;e=771da038f3\">INTEcoach<\/a> nos hablar\u00e1 de las caracter\u00edsticas del lider-coach frente al gerente tradicional. <a href=\"http:\/\/agencialocal.us2.list-manage.com\/track\/click?u=afb09990b9e5ff549cb738ed1&amp;id=c77c5cc1bb&amp;e=771da038f3\"><strong>M\u00e1s informaci\u00f3n<\/strong><\/a>.\u00a0<a href=\"http:\/\/agencialocal.us2.list-manage.com\/track\/click?u=afb09990b9e5ff549cb738ed1&amp;id=b5bdded9e3&amp;e=771da038f3\"><strong>Inscr\u00edbete<\/strong><\/a><br \/>\n\u00a0\u00a0<\/p>\n<hr size=\"2\" \/>Martes 27, de 18:00 a 21:00\u00a0horas. <em><strong>Los 10 h\u00e1bitos imprescindibles para ser un emprendedor de \u00e9xito.<\/strong><\/em><br \/>\n\u00a0<\/p>\n<p>\u00bfPor qu\u00e9 algunos emprendedores alcanzan facilmente el \u00e9xito mientras que\u00a0otros muchos dificilmente consiguen subsistir?\u00a0 Ser emprendedor \u00bfes algo innato o puede ser aprendido? Para conocer las capacidades, h\u00e1bitos y habilidades que debe poseer una persona que se decida a emprender se ha programado esta charla, impartida por <a href=\"http:\/\/agencialocal.us2.list-manage.com\/track\/click?u=afb09990b9e5ff549cb738ed1&amp;id=8fd83cd2de&amp;e=771da038f3\">Jairo Kalpa<\/a>, bioconsultor, formador y terapeuta. <a href=\"http:\/\/agencialocal.us2.list-manage.com\/track\/click?u=afb09990b9e5ff549cb738ed1&amp;id=d0437b643b&amp;e=771da038f3\"><strong>M\u00e1s informaci\u00f3n<\/strong><\/a>. <a href=\"http:\/\/agencialocal.us2.list-manage.com\/track\/click?u=afb09990b9e5ff549cb738ed1&amp;id=c14c6aabce&amp;e=771da038f3\"><strong>Inscr\u00edbete<\/strong><\/a><\/p>\n<hr size=\"2\" \/>Martes 28, 9:30 a 13:30 horas.<strong> <em>Direcci\u00f3n de\u00a0vendedores.<\/em><\/strong>\u00a0<\/p>\n<p>La actividad comercial es una funci\u00f3n estrat\u00e9gica dentro de la empresa y en ella, la direcci\u00f3n de los equipos de ventas\u00a0se convierte en un factor clave para alcanzar unos buenos resultados empresariales.\u00a0 Esta jornada, incluida en el III Seminario de cualificaci\u00f3n de personas emprendedoras, ser\u00e1 impartida por <a href=\"http:\/\/agencialocal.us2.list-manage.com\/track\/click?u=afb09990b9e5ff549cb738ed1&amp;id=37dfc8cbf8&amp;e=771da038f3\">Antonio Garc\u00eda Galiana<\/a>, consultor y formador<strong>. <\/strong><strong><a href=\"http:\/\/agencialocal.us2.list-manage.com\/track\/click?u=afb09990b9e5ff549cb738ed1&amp;id=987508eeb2&amp;e=771da038f3\">M\u00e1s informaci\u00f3n.<\/a>\u00a0<\/strong><a href=\"http:\/\/agencialocal.us2.list-manage1.com\/track\/click?u=afb09990b9e5ff549cb738ed1&amp;id=57c2880599&amp;e=771da038f3\"><strong>Inscr\u00edbete<\/strong><\/a><br \/>\n\u00a0<\/p>\n<hr size=\"2\" \/>Mi\u00e9rcoles 28 y jueves 29, 16 a 20 horas. <em><strong>C\u00f3mo crear mi empresa en Internet.<\/strong><\/em>\u00a0<\/p>\n<p>Detr\u00e1s de una empresa rentable en Internet hay algo m\u00e1s que una Web atractiva, antes de ponerla en marcha es preciso hacer un plan de empresa para la Web que tenga en cuenta las caracter\u00edsticas y peculiaridades del negocio on line.\u00a0 <a href=\"http:\/\/agencialocal.us2.list-manage1.com\/track\/click?u=afb09990b9e5ff549cb738ed1&amp;id=cb0ca883cd&amp;e=771da038f3\"><strong>Javier Gosende<\/strong><\/a>, consultor y formador en marketing on line y posicionamiento en buscadores ser\u00e1 el docente de este taller de dos d\u00edas de duraci\u00f3n. <a href=\"http:\/\/agencialocal.us2.list-manage1.com\/track\/click?u=afb09990b9e5ff549cb738ed1&amp;id=ee4df61a47&amp;e=771da038f3\"><strong>Mas informaci\u00f3n<\/strong><\/a>.\u00a0<\/p>\n<hr size=\"2\" \/>Viernes 30, 9 a 14 y 16 a 19 horas.<strong> Curso de Protocolo empresarial. <em>Crea\u00a0 el manual de estilo de tu\u00a0empresa: M\u00f3dulo I<\/em><\/strong>\u00a0<\/p>\n<p>Segunda jornada del curso de\u00a0protocolo empresarial en el que continuaremos conociendo las especificidades que debe contemplar la elaboraci\u00f3n del manual de estilo. <strong>Charo Garc\u00eda Hern\u00e1ndez<\/strong>, T\u00e9cnico Superior en Protocolo y Relaciones Institucionales y directora de <a href=\"http:\/\/agencialocal.us2.list-manage.com\/track\/click?u=afb09990b9e5ff549cb738ed1&amp;id=e057550cb8&amp;e=771da038f3\">Evento y Gesti\u00f3n,<\/a> ser\u00e1 la responsable de impartir este curso. <a href=\"http:\/\/agencialocal.us2.list-manage1.com\/track\/click?u=afb09990b9e5ff549cb738ed1&amp;id=06b6a96c5f&amp;e=771da038f3\"><strong>M\u00e1s informaci\u00f3n<\/strong><\/a>.\u00a0<a href=\"http:\/\/agencialocal.us2.list-manage.com\/track\/click?u=afb09990b9e5ff549cb738ed1&amp;id=5608ff88ad&amp;e=771da038f3\"><strong>Inscr\u00edbete<\/strong><\/a><br \/>\n\u00a0<\/p>\n<hr size=\"2\" \/>3 al 6 de octubre, de 9 a 14 horas.<strong>\u00a0<em>Curso de Habilidades para emprendedores<\/em><\/strong><\/p>\n<p>Curso de 20 horas de duraci\u00f3n en el que los asistentes podr\u00e1n descubrir y potenciar las habilidades y competencias personales que debe desarrollar la persona emprendedora para gestionar con \u00e9xito su proyecto empresarial. <a href=\"http:\/\/agencialocal.us2.list-manage.com\/track\/click?u=afb09990b9e5ff549cb738ed1&amp;id=1446c2e87d&amp;e=771da038f3\"><strong>M\u00e1s informaci\u00f3n<\/strong><\/a><\/p>\n<div class='bookmarkify'><a name='bookmarkify'><\/a><div class='linkbuttons'><a href='http:\/\/www.facebook.com\/share.php?u=https:\/\/observatorio.umh.es\/ca\/2011\/09\/22\/actividades-en-el-centro-de-emprendedores-semana-del-26-al-30-de-septiembre\/' title='Save to Facebook' onclick='target=\"_blank\";' rel='nofollow'><img src='https:\/\/observatorio.umh.es\/wp-content\/plugins\/bookmarkify\/facebook.png' style='width:16px; height:16px;' alt='[Facebook] ' \/><\/a> <a href='http:\/\/www.google.com\/bookmarks\/mark?op=edit&amp;output=popup&amp;bkmk=https:\/\/observatorio.umh.es\/ca\/2011\/09\/22\/actividades-en-el-centro-de-emprendedores-semana-del-26-al-30-de-septiembre\/&amp;title=Actividades en el Centro de Emprendedores &#8211; Semana del 26 al 30 de septiembre' title='Save to Google Bookmarks' onclick='target=\"_blank\";' rel='nofollow'><img src='https:\/\/observatorio.umh.es\/wp-content\/plugins\/bookmarkify\/google.png' style='width:16px; height:16px;' alt='[Google] ' \/><\/a> <a href='http:\/\/twitter.com\/home\/?status=Actividades en el Centro de Emprendedores &#8211; Semana del 26 al 30 de septiembre+https:\/\/observatorio.umh.es\/ca\/2011\/09\/22\/actividades-en-el-centro-de-emprendedores-semana-del-26-al-30-de-septiembre\/' title='Save to Twitter' onclick='target=\"_blank\";' rel='nofollow'><img src='https:\/\/observatorio.umh.es\/wp-content\/plugins\/bookmarkify\/twitter.png' style='width:16px; height:16px;' alt='[Twitter] ' \/><\/a> <\/div><\/div>","protected":false},"excerpt":{"rendered":"<p>Puedes consultar todas las actividades organizadas desde el Centro de Emprendedores (Agencia de Desarrollo Econ\u00f3mico y Social del Ayuntamiento de Alicante) m\u00e1s abajo, aunque te mostramos un resumen:<br \/>\nMartes 27 &#8211; de 9:30 a 11:30 horas.\u00a0El lider-Coach. Nuevo paradigma de liderazgo \/\u00a0Martes 27, de 18:00 a 21:00\u00a0horas. Los 10 h\u00e1bitos imprescindibles para ser un emprendedor de [&#8230;]<\/p>\n","protected":false},"author":357,"featured_media":0,"comment_status":"closed","ping_status":"closed","sticky":false,"template":"","format":"standard","meta":{"_links_to":"","_links_to_target":""},"categories":[1640],"tags":[],"_links":{"self":[{"href":"https:\/\/observatorio.umh.es\/ca\/wp-json\/wp\/v2\/posts\/830"}],"collection":[{"href":"https:\/\/observatorio.umh.es\/ca\/wp-json\/wp\/v2\/posts"}],"about":[{"href":"https:\/\/observatorio.umh.es\/ca\/wp-json\/wp\/v2\/types\/post"}],"author":[{"embeddable":true,"href":"https:\/\/observatorio.umh.es\/ca\/wp-json\/wp\/v2\/users\/357"}],"replies":[{"embeddable":true,"href":"https:\/\/observatorio.umh.es\/ca\/wp-json\/wp\/v2\/comments?post=830"}],"version-history":[{"count":0,"href":"https:\/\/observatorio.umh.es\/ca\/wp-json\/wp\/v2\/posts\/830\/revisions"}],"wp:attachment":[{"href":"https:\/\/observatorio.umh.es\/ca\/wp-json\/wp\/v2\/media?parent=830"}],"wp:term":[{"taxonomy":"category","embeddable":true,"href":"https:\/\/observatorio.umh.es\/ca\/wp-json\/wp\/v2\/categories?post=830"},{"taxonomy":"post_tag","embeddable":true,"href":"https:\/\/observatorio.umh.es\/ca\/wp-json\/wp\/v2\/tags?post=830"}],"curies":[{"name":"wp","href":"https:\/\/api.w.org\/{rel}","templated":true}]}}