{"id":367,"date":"2011-04-27T13:02:02","date_gmt":"2011-04-27T11:02:02","guid":{"rendered":"http:\/\/observatorio.zeus.umh.es\/?p=367"},"modified":"2014-11-19T10:40:38","modified_gmt":"2014-11-19T09:40:38","slug":"ha-finalizado-mi-beca-en-repsol","status":"publish","type":"post","link":"https:\/\/observatorio.umh.es\/ca\/2011\/04\/27\/ha-finalizado-mi-beca-en-repsol\/","title":{"rendered":"Ha finalizado mi beca en Repsol"},"content":{"rendered":"<p>Han sido unos meses trepidantes, llenos de experiencias, emociones, nuevos conocimientos y responsabilidades desarrolladas \u00a0en una gran empresa como es Repsol.<\/p>\n<p style=\"text-align: justify\">Hecho la mirada atr\u00e1s, y recuerdo con gran cari\u00f1o las primeras noticias, en las que me comunicaban que hab\u00eda sido seleccionado para realizar la <a href=\"https:\/\/observatorio.umh.es\/category\/la-mejor-practica-del-mundo\/\">&#8220;Mejor Pr\u00e1ctica del Mundo&#8221;<\/a>, los primeros d\u00edas en Madrid, el primer d\u00eda en Repsol, la primera reuni\u00f3n de un proyecto&#8230; En estos seis meses he conocido a grandes profesionales y mejores personas, no podr\u00eda expresar con palabras todo lo que me han dado, \u00a1muchas gracias!<\/p>\n<p style=\"text-align: justify\">Respecto al trabajo realizado, si bien he estado inmerso en proyectos de car\u00e1cter oficial tambi\u00e9n me han dado la oportunidad de adquirir conocimientos m\u00e1s espec\u00edficos de las nuevas tecnolog\u00edas de la informaci\u00f3n y tecnolog\u00eda GIS, as\u00ed como, una visi\u00f3n general de c\u00f3mo est\u00e1 estructurada una empresa del sector energ\u00e9tico. He conocido las caracter\u00edsticas de un centro de procesamiento de datos (CPD) y he visto su estructura. Adem\u00e1s he podido visitar el centro de tecnololog\u00eda de Repsol (CTR) donde se concentra la enorme diversidad de actividades que desarrolla la compa\u00f1\u00eda (exploraci\u00f3n y producci\u00f3n, refino, gas, qu\u00edmica&#8230;), las diferentes fases en que pueden encontrarse los proyectos de I+D+i, el soporte tecnol\u00f3gico (escalas de laboratorio, microplanta, planta piloto&#8230;), estudios de combustibles y biocombustible para la mejora de motores de nueva generaci\u00f3n, etc.<\/p>\n<p><img loading=\"lazy\" class=\"size-medium wp-image-369  alignright\" style=\"margin-top: 2px;margin-bottom: 2px;margin-left: 7px;margin-right: 7px\" src=\"https:\/\/observatorio.umh.es\/files\/2011\/04\/2.jpg\" alt=\"\" width=\"173\" height=\"130\" \/><\/p>\n<blockquote>\n<p style=\"text-align: justify\">En definitiva, me llevo un bagaje\u00a0de experiencias y nuevos conocimientos infinitamente positivo. Espero que mi paso en Repsol incentive con mayor entusiasmo a que empresas de esta \u00edndole o de cualquier otro tipo, apuesten por este modelo de iniciativas que realiza la\u00a0<em>Universidad Miguel Hern\u00e1ndez de Elche<\/em> por medio\u00a0del observatorio ocupacional y alentar a los compa\u00f1eros y compa\u00f1eras de la universidad que sean valientes y emprendedores para llevar a cabo este tipo de pr\u00e1cticas, para adquirir herramientas que sin duda nos servir\u00e1n para ser mejores profesionales.<\/p>\n<\/blockquote>\n<p style=\"text-align: justify\">Gracias en may\u00fasculas a las personas del <a href=\"observatorio.umh.es\/\" target=\"_blank\">observatorio ocupacional<\/a> que hacen posible estas oportunidades para los estudiantes y tambi\u00e9n a Repsol por haber sido c\u00f3mplice de esta aventura.<\/p>\n<h5><strong>C\u00e9sar Pastor Oliver.<\/strong><\/h5>\n<div class='bookmarkify'><a name='bookmarkify'><\/a><div class='linkbuttons'><a href='http:\/\/www.facebook.com\/share.php?u=https:\/\/observatorio.umh.es\/ca\/2011\/04\/27\/ha-finalizado-mi-beca-en-repsol\/' title='Save to Facebook' onclick='target=\"_blank\";' rel='nofollow'><img src='https:\/\/observatorio.umh.es\/wp-content\/plugins\/bookmarkify\/facebook.png' style='width:16px; height:16px;' alt='[Facebook] ' \/><\/a> <a href='http:\/\/www.google.com\/bookmarks\/mark?op=edit&amp;output=popup&amp;bkmk=https:\/\/observatorio.umh.es\/ca\/2011\/04\/27\/ha-finalizado-mi-beca-en-repsol\/&amp;title=Ha finalizado mi beca en Repsol' title='Save to Google Bookmarks' onclick='target=\"_blank\";' rel='nofollow'><img src='https:\/\/observatorio.umh.es\/wp-content\/plugins\/bookmarkify\/google.png' style='width:16px; height:16px;' alt='[Google] ' \/><\/a> <a href='http:\/\/twitter.com\/home\/?status=Ha finalizado mi beca en Repsol+https:\/\/observatorio.umh.es\/ca\/2011\/04\/27\/ha-finalizado-mi-beca-en-repsol\/' title='Save to Twitter' onclick='target=\"_blank\";' rel='nofollow'><img src='https:\/\/observatorio.umh.es\/wp-content\/plugins\/bookmarkify\/twitter.png' style='width:16px; height:16px;' alt='[Twitter] ' \/><\/a> <\/div><\/div>","protected":false},"excerpt":{"rendered":"<p>Han sido unos meses trepidantes, llenos de experiencias, emociones, nuevos conocimientos y responsabilidades desarrolladas \u00a0en una gran empresa como es Repsol.<br \/>\nHecho la mirada atr\u00e1s, y recuerdo con gran cari\u00f1o las primeras noticias, en las que me comunicaban que hab\u00eda sido seleccionado para realizar la &#8220;Mejor Pr\u00e1ctica del Mundo&#8221;, los primeros d\u00edas en Madrid, el primer [&#8230;]<\/p>\n","protected":false},"author":411,"featured_media":0,"comment_status":"closed","ping_status":"open","sticky":false,"template":"","format":"standard","meta":{"_links_to":"","_links_to_target":""},"categories":[1640],"tags":[1647],"_links":{"self":[{"href":"https:\/\/observatorio.umh.es\/ca\/wp-json\/wp\/v2\/posts\/367"}],"collection":[{"href":"https:\/\/observatorio.umh.es\/ca\/wp-json\/wp\/v2\/posts"}],"about":[{"href":"https:\/\/observatorio.umh.es\/ca\/wp-json\/wp\/v2\/types\/post"}],"author":[{"embeddable":true,"href":"https:\/\/observatorio.umh.es\/ca\/wp-json\/wp\/v2\/users\/411"}],"replies":[{"embeddable":true,"href":"https:\/\/observatorio.umh.es\/ca\/wp-json\/wp\/v2\/comments?post=367"}],"version-history":[{"count":0,"href":"https:\/\/observatorio.umh.es\/ca\/wp-json\/wp\/v2\/posts\/367\/revisions"}],"wp:attachment":[{"href":"https:\/\/observatorio.umh.es\/ca\/wp-json\/wp\/v2\/media?parent=367"}],"wp:term":[{"taxonomy":"category","embeddable":true,"href":"https:\/\/observatorio.umh.es\/ca\/wp-json\/wp\/v2\/categories?post=367"},{"taxonomy":"post_tag","embeddable":true,"href":"https:\/\/observatorio.umh.es\/ca\/wp-json\/wp\/v2\/tags?post=367"}],"curies":[{"name":"wp","href":"https:\/\/api.w.org\/{rel}","templated":true}]}}