{"id":278,"date":"2010-11-16T15:13:31","date_gmt":"2010-11-16T14:13:31","guid":{"rendered":"http:\/\/observatorio.zeus.umh.es\/?p=278"},"modified":"2014-11-19T10:40:39","modified_gmt":"2014-11-19T09:40:39","slug":"mi-otra-pasion","status":"publish","type":"post","link":"https:\/\/observatorio.umh.es\/ca\/2010\/11\/16\/mi-otra-pasion\/","title":{"rendered":"Mi otra pasi\u00f3n"},"content":{"rendered":"<p><span>Hola<span> <\/span><a href=\"mailto:Compa\u00f1er@s\">Compa\u00f1er@s<\/a>.<\/span><\/p>\n<p style=\"text-align: justify\"><span>Esta\u00a0entrada es para narraros un poco mi otra pasi\u00f3n, el deporte. Y m\u00e1s concretamente el\u00a0baloncesto en silla de ruedas. Como\u00a0ya os he comentado\u00a0en anteriores entradas, Repsol, tambi\u00e9n\u00a0vel\u00f3 por otro inter\u00e9s en mi desarrollo diario d\u00e1ndome la posibilidad de jugar en un equipo de la m\u00e1s alta categor\u00eda. Adem\u00e1s de patrocinar al cid casa murcia Getafe, este a\u00f1o ha comprado para el club cinco sillas de baloncesto. Es un gesto integrador y mas all\u00e1 en la figura de nuestro presidente Alfonso Garc\u00eda, un reto a nivel deportivo, para conseguir este a\u00f1o alg\u00fan t\u00edtulo. Deciros que este a\u00f1o Getafe,<span> <\/span><span style=\"color: #000000\">acoger\u00e1\u00a0la copa de<span> <\/span>Europa<span> <\/span>de Clubes &#8220;Challenge Cup<span> <\/span><\/span><span style=\"color: #000000\"><span style=\"color: #000000\">2011<\/span>&#8221; los\u00a0d\u00edas 22 a 24 de abril. Por esto tambi\u00e9n y\u00a0por la gran progresi\u00f3n que est\u00e1 haciendo mi equipo, la Delegaci\u00f3n de Deportes del ayuntamiento de Getafe y por\u00a0unanimidad de todos sus miembros, ha decidido conceder el \u201c<span>Premio<\/span><span><strong> a la entidad o colectivo m\u00e1s significada por la proyecci\u00f3n del Deporte de Integraci\u00f3n<\/strong><\/span><\/span><strong>\u201d<\/strong><\/span><span><strong> <\/strong><\/span>al<span> <\/span><a href=\"http:\/\/cidgetafe.wordpress.com\/\" target=\"_blank\">CID Casa Murcia Getafe<\/a>.<\/p>\n<div style=\"text-align: justify\"><span style=\"color: #ffffff\">gsgsgsgsgsgsg<\/span><\/div>\n<div><span style=\"color: #000000\"><\/p>\n<p style=\"text-align: center\"><strong><a href=\"https:\/\/observatorio.umh.es\/files\/2010\/11\/equipo1.jpg\"><img loading=\"lazy\" class=\"size-medium wp-image-282 aligncenter\" src=\"https:\/\/observatorio.umh.es\/files\/2010\/11\/equipo1-300x169.jpg\" alt=\"\" width=\"300\" height=\"169\" srcset=\"https:\/\/observatorio.umh.es\/files\/2010\/11\/equipo1-300x169.jpg 300w, https:\/\/observatorio.umh.es\/files\/2010\/11\/equipo1.jpg 493w\" sizes=\"(max-width: 300px) 100vw, 300px\" \/><\/a><\/strong><\/p>\n<p><\/span><\/div>\n<p style=\"text-align: justify\"><span style=\"color: #000000\"><!--more--><\/span><\/p>\n<p class=\"MsoNormal\" style=\"text-align: left\"><span><span>A nivel personal, estoy aprendiendo mucho con figuras de talla mundial como son: JOSHUA P.\u00a0TUREK, RYAN, T.\u00a0MARTIN, SERGIO\u00a0QUEVEDO,<\/span><\/span><span><span> <\/span><\/span><span><span>JAVIER\u00a0LOPEZ, CARLOS\u00a0VERA&#8230; bueno y en general todo el equipo que son grandes profesionales y con una proyecci\u00f3n de futuro incre\u00edble. Aqu\u00ed os dejo algunas fotos, \u00fanicamente me queda decir que he podido debutar\u00a0contra un equipazo como es el F.C. Barcelona Umes San Feliu al cual ganamos. Y elogiar una vez m\u00e1s, la gran calidad humana de mi equipo y cuerpo t\u00e9cnico. ESPARTANOS!!! QU\u00c9 SOMOS!?!! AU AU AU!!!<\/span><\/span><\/p>\n<p><span style=\"color: #000000\"><strong><a href=\"https:\/\/observatorio.umh.es\/files\/2010\/11\/equipo.jpg\"><\/a><\/strong><\/span><\/p>\n<div class='bookmarkify'><a name='bookmarkify'><\/a><div class='linkbuttons'><a href='http:\/\/www.facebook.com\/share.php?u=https:\/\/observatorio.umh.es\/ca\/2010\/11\/16\/mi-otra-pasion\/' title='Save to Facebook' onclick='target=\"_blank\";' rel='nofollow'><img src='https:\/\/observatorio.umh.es\/wp-content\/plugins\/bookmarkify\/facebook.png' style='width:16px; height:16px;' alt='[Facebook] ' \/><\/a> <a href='http:\/\/www.google.com\/bookmarks\/mark?op=edit&amp;output=popup&amp;bkmk=https:\/\/observatorio.umh.es\/ca\/2010\/11\/16\/mi-otra-pasion\/&amp;title=Mi otra pasi\u00f3n' title='Save to Google Bookmarks' onclick='target=\"_blank\";' rel='nofollow'><img src='https:\/\/observatorio.umh.es\/wp-content\/plugins\/bookmarkify\/google.png' style='width:16px; height:16px;' alt='[Google] ' \/><\/a> <a href='http:\/\/twitter.com\/home\/?status=Mi otra pasi\u00f3n+https:\/\/observatorio.umh.es\/ca\/2010\/11\/16\/mi-otra-pasion\/' title='Save to Twitter' onclick='target=\"_blank\";' rel='nofollow'><img src='https:\/\/observatorio.umh.es\/wp-content\/plugins\/bookmarkify\/twitter.png' style='width:16px; height:16px;' alt='[Twitter] ' \/><\/a> <\/div><\/div>","protected":false},"excerpt":{"rendered":"<p>Hola Compa\u00f1er@s.<br \/>\nEsta\u00a0entrada es para narraros un poco mi otra pasi\u00f3n, el deporte. Y m\u00e1s concretamente el\u00a0baloncesto en silla de ruedas. Como\u00a0ya os he comentado\u00a0en anteriores entradas, Repsol, tambi\u00e9n\u00a0vel\u00f3 por otro inter\u00e9s en mi desarrollo diario d\u00e1ndome la posibilidad de jugar en un equipo de la m\u00e1s alta categor\u00eda. Adem\u00e1s de patrocinar al cid casa murcia [&#8230;]<\/p>\n","protected":false},"author":411,"featured_media":0,"comment_status":"closed","ping_status":"open","sticky":false,"template":"","format":"standard","meta":{"_links_to":"","_links_to_target":""},"categories":[1640],"tags":[1672,1708,1647,1770],"_links":{"self":[{"href":"https:\/\/observatorio.umh.es\/ca\/wp-json\/wp\/v2\/posts\/278"}],"collection":[{"href":"https:\/\/observatorio.umh.es\/ca\/wp-json\/wp\/v2\/posts"}],"about":[{"href":"https:\/\/observatorio.umh.es\/ca\/wp-json\/wp\/v2\/types\/post"}],"author":[{"embeddable":true,"href":"https:\/\/observatorio.umh.es\/ca\/wp-json\/wp\/v2\/users\/411"}],"replies":[{"embeddable":true,"href":"https:\/\/observatorio.umh.es\/ca\/wp-json\/wp\/v2\/comments?post=278"}],"version-history":[{"count":0,"href":"https:\/\/observatorio.umh.es\/ca\/wp-json\/wp\/v2\/posts\/278\/revisions"}],"wp:attachment":[{"href":"https:\/\/observatorio.umh.es\/ca\/wp-json\/wp\/v2\/media?parent=278"}],"wp:term":[{"taxonomy":"category","embeddable":true,"href":"https:\/\/observatorio.umh.es\/ca\/wp-json\/wp\/v2\/categories?post=278"},{"taxonomy":"post_tag","embeddable":true,"href":"https:\/\/observatorio.umh.es\/ca\/wp-json\/wp\/v2\/tags?post=278"}],"curies":[{"name":"wp","href":"https:\/\/api.w.org\/{rel}","templated":true}]}}