{"id":222,"date":"2010-10-05T13:50:42","date_gmt":"2010-10-05T12:50:42","guid":{"rendered":"http:\/\/observatorio.zeus.umh.es\/?p=222"},"modified":"2010-10-05T13:50:42","modified_gmt":"2010-10-05T12:50:42","slug":"un-superviviente-de-las-practicas-de-la-universidad-a-la-empresa","status":"publish","type":"post","link":"https:\/\/observatorio.umh.es\/ca\/2010\/10\/05\/un-superviviente-de-las-practicas-de-la-universidad-a-la-empresa\/","title":{"rendered":"UN SUPERVIVIENTE DE LAS PR\u00c1CTICAS, DE LA UNIVERSIDAD A LA EMPRESA"},"content":{"rendered":"<p>5 de octubre de 2010<\/p>\n<p>Como creemos que todo es posible si alguien se lo propone te contamos las historias de estudiantes y titulados\u00a0como t\u00fa que s\u00ed lo han conseguido, est\u00e1n trabajando. Estas son sus experiencias de como llegaron a ser unos autenticos profesionales, esta es nuestra primera historia, <a href=\"http:\/\/www.youtube.com\/watch?v=3BygHQLsbcg\" target=\"_blank\">TOMA NOTA!!<\/a><\/p>\n<blockquote><p>Me llamo Vicente Mart\u00ednez y finalic\u00e9 la Licenciatura en Periodismo en junio, formando parte de la primera promoci\u00f3n de periodistas en abandonar la <a href=\"http:\/\/www.umh.es\">Universidad Miguel Hern\u00e1ndez<\/a> en busca de una profesi\u00f3n.<!--more--><\/p>\n<p>Anteriormente estudi\u00e9 Publicidad y RR. PP. en la Universidad de Alicante y continu\u00e9 el 2\u00ba ciclo de periodismo en la Miguel Hern\u00e1ndez puesto que me pareci\u00f3 interesante tener estas dos carreras sobre todo teniendo en cuenta que en 6 a\u00f1os puedes tener las 2, ya que Publicidad era de 4 a\u00f1os y Periodismo de 5. Los que no lo supieran ya no pueden hacerlo puesto que la implantaci\u00f3n de los Grados ha modificado los planes de la ense\u00f1anza superior. Desde que comenc\u00e9 en la UMH estuve interesado en hacer pr\u00e1cticas.<\/p>\n<p>Por ello, empec\u00e9 colaborando con el <a href=\"https:\/\/observatorio.umh.es\">Observatorio Ocupacional <\/a>en la realizaci\u00f3n y maquetaci\u00f3n de la memoria de actividades 2008 del Observatorio Ocupacional, as\u00ed como realizando pr\u00e1cticas en Bottup.com, un medio social por Internet. M\u00e1s tarde continu\u00e9 colaborando en las <a href=\"https:\/\/observatorio.umh.es\/XIIIJORNADAS\/index.htm\" target=\"_blank\">XIII Jornadas <\/a>de Empleo, oraganizadas por el Observatorio Ocupacional, realizando la revista de estas jornadas, y al mismo tiempo, en diciembre de 2009 comenc\u00e9 las pr\u00e1cticas en la empresa ilicitana de Relaciones P\u00fablicas <a href=\"http:\/\/tarsacom.com\/\" target=\"_blank\">Tarsa<\/a>. Esta empresa la dirige Jos\u00e9 Vicente Casta\u00f1o, profesor asociado de la asignatura Organizaci\u00f3n y Gesti\u00f3n de la Empresa Period\u00edstica (4\u00ba curso Periodismo). Me enter\u00e9 de que una chica que estaba realizando pr\u00e1cticas en dicha empresa terminaba su periodo all\u00ed as\u00ed que decid\u00ed ponerme en contacto con Tarsa, ofreci\u00e9ndome para realizar pr\u00e1cticas con ellos. En diciembre de 2009 comenc\u00e9 a hacer pr\u00e1cticas en Tarsa y cuando finalic\u00e9 en junio de este a\u00f1o decidieron hacerme mi primer contrato laboral para que pudiera continuar con ellos ya que dejaba de ser estudiante&#8230; De momento tengo un contrato de media jornada, del que estoy muy contento.<\/p>\n<p>La empresa Tarsa se dedica a la comunicaci\u00f3n y las relaciones p\u00fablicas, as\u00ed como a la organizaci\u00f3n de cualquier tipo de evento y congreso. Mi puesto all\u00ed es el de auxiliar de comunicaci\u00f3n. Con mi formaci\u00f3n acad\u00e9mica estaba convencido de que encajaba en esta empresa. Supongo que har\u00eda bien mis pr\u00e1cticas porque ahora s\u00ed que puedo decir ya que estoy trabajando. De los motivos por los que la empresa me contrat\u00f3 supongo que mi predisposici\u00f3n a trabajar y ser capaz de enfrentarme a cualquier reto, la versatilidad, flexibilidad y empat\u00eda fueron decisivos.En cuanto al salario, tengo un contrato laboral a media jornada, pro lo que considero que mi remuneraci\u00f3n concuerda con la labor que desempe\u00f1o.<\/p>\n<p>Siempre he recurrido al Observatorio Ocupacional para buscar pr\u00e1cticas. De hecho, cuando estaba en Tarsa me llamaron tambi\u00e9n de un importante medio de comunicaci\u00f3n de la provincia para hacer pr\u00e1cticas. Pero lo rechac\u00e9 porque iban a hacerme mi primer contrato laboral.<br \/>\nActualmente sigo trabajando en Tarsa, y espero que por mucho tiempo. Siempre pienso de manera positiva sobre mi futuro, y creo que esto influye en la manera en que una persona afronta los diferentes retos en su vida. He tenido altibajos, como todo el mundo, pero si te caes siete veces, te levantas ocho. Con una visi\u00f3n optimista y trabajando duro poco a poco la recompensa va viendo la luz. No van a ir a buscaros a vuestra casa; por mucha crisis que haya, a lo mejor hay un trabajo id\u00f3neo esper\u00e1ndote a la vuelta de la esquina. Las oportunidades siempre est\u00e1n, incluso en \u00e9poca de recesi\u00f3n econ\u00f3mica. A veces, una crisis puede hacer que te replantees tu vida y te dirijas hacia un nuevo objetivo. Sea como sea, no te rindas e intenta primero ir hacia aquello que realmente te gusta. Probablemente llegues. Suerte.<\/p><\/blockquote>\n<div class='bookmarkify'><a name='bookmarkify'><\/a><div class='linkbuttons'><a href='http:\/\/www.facebook.com\/share.php?u=https:\/\/observatorio.umh.es\/ca\/2010\/10\/05\/un-superviviente-de-las-practicas-de-la-universidad-a-la-empresa\/' title='Save to Facebook' onclick='target=\"_blank\";' rel='nofollow'><img src='https:\/\/observatorio.umh.es\/wp-content\/plugins\/bookmarkify\/facebook.png' style='width:16px; height:16px;' alt='[Facebook] ' \/><\/a> <a href='http:\/\/www.google.com\/bookmarks\/mark?op=edit&amp;output=popup&amp;bkmk=https:\/\/observatorio.umh.es\/ca\/2010\/10\/05\/un-superviviente-de-las-practicas-de-la-universidad-a-la-empresa\/&amp;title=UN SUPERVIVIENTE DE LAS PR\u00c1CTICAS, DE LA UNIVERSIDAD A LA EMPRESA' title='Save to Google Bookmarks' onclick='target=\"_blank\";' rel='nofollow'><img src='https:\/\/observatorio.umh.es\/wp-content\/plugins\/bookmarkify\/google.png' style='width:16px; height:16px;' alt='[Google] ' \/><\/a> <a href='http:\/\/twitter.com\/home\/?status=UN SUPERVIVIENTE DE LAS PR\u00c1CTICAS, DE LA UNIVERSIDAD A LA EMPRESA+https:\/\/observatorio.umh.es\/ca\/2010\/10\/05\/un-superviviente-de-las-practicas-de-la-universidad-a-la-empresa\/' title='Save to Twitter' onclick='target=\"_blank\";' rel='nofollow'><img src='https:\/\/observatorio.umh.es\/wp-content\/plugins\/bookmarkify\/twitter.png' style='width:16px; height:16px;' alt='[Twitter] ' \/><\/a> <\/div><\/div>","protected":false},"excerpt":{"rendered":"<p>5 de octubre de 2010<br \/>\nComo creemos que todo es posible si alguien se lo propone te contamos las historias de estudiantes y titulados\u00a0como t\u00fa que s\u00ed lo han conseguido, est\u00e1n trabajando. Estas son sus experiencias de como llegaron a ser unos autenticos profesionales, esta es nuestra primera historia, TOMA NOTA!!<br \/>\nMe llamo Vicente Mart\u00ednez y finalic\u00e9 [&#8230;]<\/p>\n","protected":false},"author":55,"featured_media":0,"comment_status":"closed","ping_status":"open","sticky":false,"template":"","format":"standard","meta":{"_links_to":"","_links_to_target":""},"categories":[1640],"tags":[766,1782],"_links":{"self":[{"href":"https:\/\/observatorio.umh.es\/ca\/wp-json\/wp\/v2\/posts\/222"}],"collection":[{"href":"https:\/\/observatorio.umh.es\/ca\/wp-json\/wp\/v2\/posts"}],"about":[{"href":"https:\/\/observatorio.umh.es\/ca\/wp-json\/wp\/v2\/types\/post"}],"author":[{"embeddable":true,"href":"https:\/\/observatorio.umh.es\/ca\/wp-json\/wp\/v2\/users\/55"}],"replies":[{"embeddable":true,"href":"https:\/\/observatorio.umh.es\/ca\/wp-json\/wp\/v2\/comments?post=222"}],"version-history":[{"count":0,"href":"https:\/\/observatorio.umh.es\/ca\/wp-json\/wp\/v2\/posts\/222\/revisions"}],"wp:attachment":[{"href":"https:\/\/observatorio.umh.es\/ca\/wp-json\/wp\/v2\/media?parent=222"}],"wp:term":[{"taxonomy":"category","embeddable":true,"href":"https:\/\/observatorio.umh.es\/ca\/wp-json\/wp\/v2\/categories?post=222"},{"taxonomy":"post_tag","embeddable":true,"href":"https:\/\/observatorio.umh.es\/ca\/wp-json\/wp\/v2\/tags?post=222"}],"curies":[{"name":"wp","href":"https:\/\/api.w.org\/{rel}","templated":true}]}}