{"id":18688,"date":"2026-09-03T13:40:10","date_gmt":"2026-09-03T11:40:10","guid":{"rendered":"https:\/\/observatorio.umh.es\/?p=18688"},"modified":"2026-09-03T13:41:10","modified_gmt":"2026-09-03T11:41:10","slug":"networking-para-personas-emprendedoras","status":"publish","type":"post","link":"https:\/\/observatorio.umh.es\/ca\/2026\/09\/03\/networking-para-personas-emprendedoras\/","title":{"rendered":"Networking per a emprenedors"},"content":{"rendered":"<p><\/p>\n<div class=\"i4t-include-i4t-secciones9\" role=\"region\" aria-labelledby=\"i4t-id-wg3jxpb5z\">\n<p class=\"i4t-secciones9-0 i4t-reference-include\" style=\"text-align: justify\"><strong id=\"i4t-id-wg3jxpb5z\"><a href=\"https:\/\/observatorio.umh.es\/files\/2026\/09\/2026-09-CEEI-Elche.jpg\"><img loading=\"lazy\" class=\"size-medium wp-image-18691 alignright\" src=\"https:\/\/observatorio.umh.es\/files\/2026\/09\/2026-09-CEEI-Elche-300x169.jpg\" alt=\"\" width=\"300\" height=\"169\" srcset=\"https:\/\/observatorio.umh.es\/files\/2026\/09\/2026-09-CEEI-Elche-300x169.jpg 300w, https:\/\/observatorio.umh.es\/files\/2026\/09\/2026-09-CEEI-Elche-1024x576.jpg 1024w, https:\/\/observatorio.umh.es\/files\/2026\/09\/2026-09-CEEI-Elche-768x432.jpg 768w, https:\/\/observatorio.umh.es\/files\/2026\/09\/2026-09-CEEI-Elche.jpg 1280w\" sizes=\"(max-width: 300px) 100vw, 300px\" \/><\/a><span dir=\"auto\" style=\"vertical-align: inherit\"><span dir=\"auto\" style=\"vertical-align: inherit\">Ets emprenedor o emprenedora?<\/span><\/span><\/strong><span dir=\"auto\" style=\"vertical-align: inherit\"><span dir=\"auto\" style=\"vertical-align: inherit\"> Si la resposta \u00e9s positiva, tens una\u00a0 <\/span><\/span><strong id=\"i4t-id-ckbglleiq\"><span dir=\"auto\" style=\"vertical-align: inherit\"><span dir=\"auto\" style=\"vertical-align: inherit\">cita<\/span><\/span><\/strong><span dir=\"auto\" style=\"vertical-align: inherit\"><span dir=\"auto\" style=\"vertical-align: inherit\"> \u00a0el\u00a0 <\/span><\/span><strong><span dir=\"auto\" style=\"vertical-align: inherit\"><span dir=\"auto\" style=\"vertical-align: inherit\">17 de setembre al CEEI Elx!<\/span><\/span><\/strong><span dir=\"auto\" style=\"vertical-align: inherit\"><span dir=\"auto\" style=\"vertical-align: inherit\"> Dins el marc del Pla Activa-T, finan\u00e7at per la Diputaci\u00f3 d&#8217;Alacant, organitzen un <\/span><\/span><strong id=\"i4t-id-z4t203fww\"><span dir=\"auto\" style=\"vertical-align: inherit\"><span dir=\"auto\" style=\"vertical-align: inherit\">Networking per a emprenedors<\/span><\/span><\/strong><span dir=\"auto\" style=\"vertical-align: inherit\"><span dir=\"auto\" style=\"vertical-align: inherit\"> . Aquesta jornada s&#8217;adre\u00e7a a <\/span><\/span><strong id=\"i4t-id-f1c1kdn3s\"><span dir=\"auto\" style=\"vertical-align: inherit\"><span dir=\"auto\" style=\"vertical-align: inherit\">persones amb projectes d&#8217;emprenedoria en marxa<\/span><\/span><\/strong><span dir=\"auto\" style=\"vertical-align: inherit\"><span dir=\"auto\" style=\"vertical-align: inherit\"> \u00a0que busquen crear sinergies.<\/span><\/span><\/p>\n<\/div>\n<div class=\"i4t-include-i4t-secciones9\" style=\"text-align: justify\" role=\"region\" aria-labelledby=\"i4t-id-f45cwgl9d\">\n<p class=\"i4t-secciones9-4 i4t-reference-include\"><span dir=\"auto\" style=\"vertical-align: inherit\"><span dir=\"auto\" style=\"vertical-align: inherit\">L&#8217;objectiu de la jornada \u00e9s\u00a0 <\/span><\/span><strong id=\"i4t-id-f45cwgl9d\"><span dir=\"auto\" style=\"vertical-align: inherit\"><span dir=\"auto\" style=\"vertical-align: inherit\">con\u00e8ixer altres emprenedors<\/span><\/span><\/strong><span dir=\"auto\" style=\"vertical-align: inherit\"><span dir=\"auto\" style=\"vertical-align: inherit\"> ,\u00a0 <\/span><\/span><strong><span dir=\"auto\" style=\"vertical-align: inherit\"><span dir=\"auto\" style=\"vertical-align: inherit\">parlar del teu projecte <\/span><\/span><\/strong>\u00a0<strong><span dir=\"auto\" style=\"vertical-align: inherit\"><span dir=\"auto\" style=\"vertical-align: inherit\">emprenedor<\/span><\/span><\/strong><span dir=\"auto\" style=\"vertical-align: inherit\"><span dir=\"auto\" style=\"vertical-align: inherit\"> , explicar als assistents\u00a0 <\/span><\/span><strong><span dir=\"auto\" style=\"vertical-align: inherit\"><span dir=\"auto\" style=\"vertical-align: inherit\">quina \u00e9s la teva necessitat m\u00e9s immediata<\/span><\/span><\/strong><span dir=\"auto\" style=\"vertical-align: inherit\"><span dir=\"auto\" style=\"vertical-align: inherit\"> \u00a0i, si \u00e9s possible,\u00a0 <\/span><\/span><strong><span dir=\"auto\" style=\"vertical-align: inherit\"><span dir=\"auto\" style=\"vertical-align: inherit\">ajudar la resta<\/span><\/span><\/strong><span dir=\"auto\" style=\"vertical-align: inherit\"><span dir=\"auto\" style=\"vertical-align: inherit\"> amb les seves peticions. L&#8217;objectiu \u00e9s <\/span><\/span><strong id=\"i4t-id-cb8ao29i6\"><span dir=\"auto\" style=\"vertical-align: inherit\"><span dir=\"auto\" style=\"vertical-align: inherit\">\u00a0crear un espai<\/span><\/span><\/strong><span dir=\"auto\" style=\"vertical-align: inherit\"><span dir=\"auto\" style=\"vertical-align: inherit\"> \u00a0perqu\u00e8\u00a0 <\/span><\/span><strong><span dir=\"auto\" style=\"vertical-align: inherit\"><span dir=\"auto\" style=\"vertical-align: inherit\">sorgeixin sinergies <\/span><\/span><\/strong>\u00a0<strong><span dir=\"auto\" style=\"vertical-align: inherit\"><span dir=\"auto\" style=\"vertical-align: inherit\">entre vosaltres<\/span><\/span><\/strong><span dir=\"auto\" style=\"vertical-align: inherit\"><span dir=\"auto\" style=\"vertical-align: inherit\"> \u00a0i\u00a0 <\/span><\/span><strong><span dir=\"auto\" style=\"vertical-align: inherit\"><span dir=\"auto\" style=\"vertical-align: inherit\">generar una comunitat\u00a0<\/span><\/span><\/strong><span dir=\"auto\" style=\"vertical-align: inherit\"><span dir=\"auto\" style=\"vertical-align: inherit\"> que s&#8217;ajudi entre ells. A m\u00e9s, a la segona part de l&#8217;esdeveniment comptaran amb la <\/span><\/span><strong id=\"i4t-id-ehyfbzpd8\"><span dir=\"auto\" style=\"vertical-align: inherit\"><span dir=\"auto\" style=\"vertical-align: inherit\">participaci\u00f3 de Ver\u00f3nica Onetto, cofundadora de Brandlex<\/span><\/span><\/strong><span dir=\"auto\" style=\"vertical-align: inherit\"><span dir=\"auto\" style=\"vertical-align: inherit\"> . Contar\u00e0 la seva experi\u00e8ncia com a emprenedora i respondr\u00e0 les preguntes que li vulguis fer.<\/span><\/span><\/p>\n<\/div>\n<div class=\"i4t-include-i4t-secciones9\" style=\"text-align: justify\" role=\"region\" aria-labelledby=\"i4t-id-6zkobv2qv\">\n<p class=\"i4t-secciones9-7 i4t-reference-include\"><span dir=\"auto\" style=\"vertical-align: inherit\"><span dir=\"auto\" style=\"vertical-align: inherit\">L&#8217; esdeveniment se celebrar\u00e0 el\u00a0 <\/span><\/span><strong id=\"i4t-id-6zkobv2qv\"><span dir=\"auto\" style=\"vertical-align: inherit\"><span dir=\"auto\" style=\"vertical-align: inherit\">17 de setembre<\/span><\/span><\/strong><span dir=\"auto\" style=\"vertical-align: inherit\"><span dir=\"auto\" style=\"vertical-align: inherit\"> , de\u00a0 <\/span><\/span><strong><span dir=\"auto\" style=\"vertical-align: inherit\"><span dir=\"auto\" style=\"vertical-align: inherit\">09.45 hores<\/span><\/span><\/strong><span dir=\"auto\" style=\"vertical-align: inherit\"><span dir=\"auto\" style=\"vertical-align: inherit\"> \u00a0a\u00a0 <\/span><\/span><strong><span dir=\"auto\" style=\"vertical-align: inherit\"><span dir=\"auto\" style=\"vertical-align: inherit\">12.30 hores<\/span><\/span><\/strong><span dir=\"auto\" style=\"vertical-align: inherit\"><span dir=\"auto\" style=\"vertical-align: inherit\"> , al\u00a0 <\/span><\/span><strong><span dir=\"auto\" style=\"vertical-align: inherit\"><span dir=\"auto\" style=\"vertical-align: inherit\">Sal\u00f3 d&#8217; Actes del CEEI Elx<\/span><\/span><\/strong><span dir=\"auto\" style=\"vertical-align: inherit\"><span dir=\"auto\" style=\"vertical-align: inherit\"> . Inscriu-t&#8217;hi ja! L&#8217;esdeveniment <\/span><\/span><strong><span dir=\"auto\" style=\"vertical-align: inherit\"><span dir=\"auto\" style=\"vertical-align: inherit\">\u00e9s gratu\u00eft<\/span><\/span><\/strong><span dir=\"auto\" style=\"vertical-align: inherit\"><span dir=\"auto\" style=\"vertical-align: inherit\"> , per\u00f2\u00a0 <\/span><\/span><strong><span dir=\"auto\" style=\"vertical-align: inherit\"><span dir=\"auto\" style=\"vertical-align: inherit\">nom\u00e9s hi ha 20 places disponibles<\/span><\/span><\/strong><span dir=\"auto\" style=\"vertical-align: inherit\"><span dir=\"auto\" style=\"vertical-align: inherit\"> per poder fer la din\u00e0mica amb garanties!<\/span><\/span><\/p>\n<p class=\"i4t-secciones9-7 i4t-reference-include\"><span dir=\"auto\" style=\"vertical-align: inherit\"><span dir=\"auto\" style=\"vertical-align: inherit\">Quan t&#8217;inscriguis ( <\/span><\/span><a href=\"https:\/\/ceeielche.emprenemjunts.es\/?op=14&amp;n=27148\"><span dir=\"auto\" style=\"vertical-align: inherit\"><span dir=\"auto\" style=\"vertical-align: inherit\">a trav\u00e9s d&#8217;aquest enlla\u00e7<\/span><\/span><\/a><span dir=\"auto\" style=\"vertical-align: inherit\"><span dir=\"auto\" style=\"vertical-align: inherit\"> ) haur\u00e0s d&#8217;emplenar un <\/span><\/span><strong><span dir=\"auto\" style=\"vertical-align: inherit\"><span dir=\"auto\" style=\"vertical-align: inherit\">formulari<\/span><\/span><\/strong><span dir=\"auto\" style=\"vertical-align: inherit\"><span dir=\"auto\" style=\"vertical-align: inherit\"> \u00a0per con\u00e8ixer m\u00e9s sobre el teu projecte. Si us plau,\u00a0 <\/span><\/span><strong><span dir=\"auto\" style=\"vertical-align: inherit\"><span dir=\"auto\" style=\"vertical-align: inherit\">omple i envia el formulari perqu\u00e8 validin la teva pla\u00e7a<\/span><\/span><\/strong><span dir=\"auto\" style=\"vertical-align: inherit\"><span dir=\"auto\" style=\"vertical-align: inherit\"> !<\/span><\/span><\/p>\n<\/div>\n<div class=\"i4t-include-i4t-secciones7\" style=\"text-align: justify\" role=\"region\" aria-labelledby=\"i4t-id-49wx43ahp\">\n<p>&nbsp;<\/p>\n<\/div>\n<div class=\"i4t-include-i4t-secciones7\" role=\"region\" aria-labelledby=\"i4t-id-fp08o7h53\">\n<p class=\"i4t-secciones7-1 i4t-reference-include\" style=\"text-align: justify\"><span id=\"i4t-id-fp08o7h53\"><strong><span dir=\"auto\" style=\"vertical-align: inherit\"><span dir=\"auto\" style=\"vertical-align: inherit\">\u00a0PROGRAMA\u00a0<\/span><\/span><\/strong><\/span><\/p>\n<ul style=\"text-align: justify\">\n<li><span dir=\"auto\" style=\"vertical-align: inherit\"><span dir=\"auto\" style=\"vertical-align: inherit\">09:45 \u2013 10:00 \u2013\u00a0 <\/span><\/span><strong><span dir=\"auto\" style=\"vertical-align: inherit\"><span dir=\"auto\" style=\"vertical-align: inherit\">Recepci\u00f3<\/span><\/span><\/strong><\/li>\n<li><span dir=\"auto\" style=\"vertical-align: inherit\"><span dir=\"auto\" style=\"vertical-align: inherit\">10:00 \u2013 10:45 \u2013\u00a0 <\/span><\/span><strong><span dir=\"auto\" style=\"vertical-align: inherit\"><span dir=\"auto\" style=\"vertical-align: inherit\">Din\u00e0mica de Networking<\/span><\/span><\/strong><span dir=\"auto\" style=\"vertical-align: inherit\"><span dir=\"auto\" style=\"vertical-align: inherit\"> : Trenquem el gel amb algunes activitats i, despr\u00e9s, els assistents parlaran entre si durant 1 minut per presentar-se i explicar el seu projecte r\u00e0pidament.<\/span><\/span><\/li>\n<li><span dir=\"auto\" style=\"vertical-align: inherit\"><span dir=\"auto\" style=\"vertical-align: inherit\">10:45 \u2013 11:15 \u2013\u00a0 <\/span><\/span><strong><span dir=\"auto\" style=\"vertical-align: inherit\"><span dir=\"auto\" style=\"vertical-align: inherit\">Pausa per al caf\u00e8<\/span><\/span><\/strong><\/li>\n<li><span dir=\"auto\" style=\"vertical-align: inherit\"><span dir=\"auto\" style=\"vertical-align: inherit\">11:15 \u2013 12:00 \u2013\u00a0 <\/span><\/span><strong><span dir=\"auto\" style=\"vertical-align: inherit\"><span dir=\"auto\" style=\"vertical-align: inherit\">Donar i rebre<\/span><\/span><\/strong><span dir=\"auto\" style=\"vertical-align: inherit\"><span dir=\"auto\" style=\"vertical-align: inherit\"> : De forma grupal, cada emprenedor comptar\u00e0 a la resta la necessitat m\u00e9s immediata que tingui. L&#8217;objectiu \u00e9s que sorgeixin col\u00b7laboracions, sin\u00e8rgies i ajuts entre els assistents.<\/span><\/span><\/li>\n<li><span dir=\"auto\" style=\"vertical-align: inherit\"><span dir=\"auto\" style=\"vertical-align: inherit\">12:00 \u2013 12:30 \u2013\u00a0 <\/span><\/span><strong><span dir=\"auto\" style=\"vertical-align: inherit\"><span dir=\"auto\" style=\"vertical-align: inherit\">Xerrada amb Ver\u00f3nica Onetto<\/span><\/span><\/strong><span dir=\"auto\" style=\"vertical-align: inherit\"><span dir=\"auto\" style=\"vertical-align: inherit\"> . Parlarem amb ella sobre Brandlex i la seva experi\u00e8ncia com a emprenedora: Com van aconseguir tenir el producte ideal? Com busquen clients? Qu\u00e8 ha apr\u00e8s a la seva etapa com a emprenedora? I molt m\u00e9s!<\/span><\/span><\/li>\n<\/ul>\n<p style=\"text-align: justify\"><strong><span dir=\"auto\" style=\"vertical-align: inherit\"><span dir=\"auto\" style=\"vertical-align: inherit\">Apunta&#8217;t i ens veiem el 17 de setembre!\u00a0<\/span><\/span><\/strong><\/p>\n<\/div>\n<p><\/p>\n<div class='bookmarkify'><a name='bookmarkify'><\/a><div class='linkbuttons'><a href='http:\/\/www.facebook.com\/share.php?u=https:\/\/observatorio.umh.es\/ca\/2026\/09\/03\/networking-para-personas-emprendedoras\/' title='Save to Facebook' onclick='target=\"_blank\";' rel='nofollow'><img src='https:\/\/observatorio.umh.es\/wp-content\/plugins\/bookmarkify\/facebook.png' style='width:16px; height:16px;' alt='[Facebook] ' \/><\/a> <a href='http:\/\/www.google.com\/bookmarks\/mark?op=edit&amp;output=popup&amp;bkmk=https:\/\/observatorio.umh.es\/ca\/2026\/09\/03\/networking-para-personas-emprendedoras\/&amp;title=Networking per a emprenedors' title='Save to Google Bookmarks' onclick='target=\"_blank\";' rel='nofollow'><img src='https:\/\/observatorio.umh.es\/wp-content\/plugins\/bookmarkify\/google.png' style='width:16px; height:16px;' alt='[Google] ' \/><\/a> <a href='http:\/\/twitter.com\/home\/?status=Networking per a emprenedors+https:\/\/observatorio.umh.es\/ca\/2026\/09\/03\/networking-para-personas-emprendedoras\/' title='Save to Twitter' onclick='target=\"_blank\";' rel='nofollow'><img src='https:\/\/observatorio.umh.es\/wp-content\/plugins\/bookmarkify\/twitter.png' style='width:16px; height:16px;' alt='[Twitter] ' \/><\/a> <\/div><\/div>","protected":false},"excerpt":{"rendered":"<p>Ets emprenedor o emprenedora? Si la resposta \u00e9s positiva, tens una\u00a0 cita \u00a0el\u00a0 17 de setembre al CEEI Elx! Dins el marc del Pla Activa-T, finan\u00e7at per la Diputaci\u00f3 d&#8217;Alacant, organitzen un Networking per a emprenedors . Aquesta jornada s&#8217;adre\u00e7a a persones amb projectes d&#8217;emprenedoria en marxa \u00a0que busquen crear sinergies.<\/p>\n<p>L&#8217;objectiu de la jornada \u00e9s\u00a0 [&#8230;]<\/p>\n","protected":false},"author":357,"featured_media":0,"comment_status":"closed","ping_status":"open","sticky":false,"template":"","format":"standard","meta":{"_links_to":"","_links_to_target":""},"categories":[509,4,1648],"tags":[2880],"_links":{"self":[{"href":"https:\/\/observatorio.umh.es\/ca\/wp-json\/wp\/v2\/posts\/18688"}],"collection":[{"href":"https:\/\/observatorio.umh.es\/ca\/wp-json\/wp\/v2\/posts"}],"about":[{"href":"https:\/\/observatorio.umh.es\/ca\/wp-json\/wp\/v2\/types\/post"}],"author":[{"embeddable":true,"href":"https:\/\/observatorio.umh.es\/ca\/wp-json\/wp\/v2\/users\/357"}],"replies":[{"embeddable":true,"href":"https:\/\/observatorio.umh.es\/ca\/wp-json\/wp\/v2\/comments?post=18688"}],"version-history":[{"count":0,"href":"https:\/\/observatorio.umh.es\/ca\/wp-json\/wp\/v2\/posts\/18688\/revisions"}],"wp:attachment":[{"href":"https:\/\/observatorio.umh.es\/ca\/wp-json\/wp\/v2\/media?parent=18688"}],"wp:term":[{"taxonomy":"category","embeddable":true,"href":"https:\/\/observatorio.umh.es\/ca\/wp-json\/wp\/v2\/categories?post=18688"},{"taxonomy":"post_tag","embeddable":true,"href":"https:\/\/observatorio.umh.es\/ca\/wp-json\/wp\/v2\/tags?post=18688"}],"curies":[{"name":"wp","href":"https:\/\/api.w.org\/{rel}","templated":true}]}}