{"id":18681,"date":"2026-09-02T15:07:11","date_gmt":"2026-09-02T13:07:11","guid":{"rendered":"https:\/\/observatorio.umh.es\/?p=18681"},"modified":"2026-09-02T15:10:05","modified_gmt":"2026-09-02T13:10:05","slug":"microcredencial-en-direccion-de-equipos","status":"publish","type":"post","link":"https:\/\/observatorio.umh.es\/ca\/2026\/09\/02\/microcredencial-en-direccion-de-equipos\/","title":{"rendered":"Microcredencial en Direcci\u00f3 d&#8217;Equips"},"content":{"rendered":"<p><\/p>\n<div class=\"content\">\n<p style=\"text-align: justify\"><a href=\"https:\/\/observatorio.umh.es\/files\/2026\/09\/Microcredencial-direccion-equipos-16-9.png\"><img loading=\"lazy\" class=\"size-medium wp-image-18678 alignleft\" src=\"https:\/\/observatorio.umh.es\/files\/2026\/09\/Microcredencial-direccion-equipos-16-9-300x169.png\" alt=\"\" width=\"300\" height=\"169\" srcset=\"https:\/\/observatorio.umh.es\/files\/2026\/09\/Microcredencial-direccion-equipos-16-9-300x169.png 300w, https:\/\/observatorio.umh.es\/files\/2026\/09\/Microcredencial-direccion-equipos-16-9-1024x576.png 1024w, https:\/\/observatorio.umh.es\/files\/2026\/09\/Microcredencial-direccion-equipos-16-9-768x432.png 768w, https:\/\/observatorio.umh.es\/files\/2026\/09\/Microcredencial-direccion-equipos-16-9-1536x864.png 1536w, https:\/\/observatorio.umh.es\/files\/2026\/09\/Microcredencial-direccion-equipos-16-9.png 1920w\" sizes=\"(max-width: 300px) 100vw, 300px\" \/><\/a><span dir=\"auto\" style=\"vertical-align: inherit\"><span dir=\"auto\" style=\"vertical-align: inherit\">La <\/span><\/span><strong><span dir=\"auto\" style=\"vertical-align: inherit\"><span dir=\"auto\" style=\"vertical-align: inherit\">Microcredencial en Direcci\u00f3 d&#8217;Equips<\/span><\/span><\/strong><span dir=\"auto\" style=\"vertical-align: inherit\"><span dir=\"auto\" style=\"vertical-align: inherit\"> \u00a0\u00e9s un t\u00edtol de\u00a0 <\/span><\/span><strong><span dir=\"auto\" style=\"vertical-align: inherit\"><span dir=\"auto\" style=\"vertical-align: inherit\">formaci\u00f3 presencial<\/span><\/span><\/strong><span dir=\"auto\" style=\"vertical-align: inherit\"><span dir=\"auto\" style=\"vertical-align: inherit\"> que us permetr\u00e0 potenciar el vostre lideratge, crear equips eficients i augmentar la productivitat d&#8217;empreses i organitzacions. El programa s&#8217;estructura en 20 seminaris i tallers teoricopr\u00e0ctics (a impartir entre els mesos de 0ctubre a mar\u00e7), amb una durada de 60 hores.<\/span><\/span><\/p>\n<p style=\"text-align: justify\"><strong><span dir=\"auto\" style=\"vertical-align: inherit\"><span dir=\"auto\" style=\"vertical-align: inherit\">Quins avantatges et pot aportar aquest t\u00edtol?<\/span><\/span><\/strong><\/p>\n<ul style=\"text-align: justify\">\n<li><span dir=\"auto\" style=\"vertical-align: inherit\"><span dir=\"auto\" style=\"vertical-align: inherit\">Us formareu en direcci\u00f3 d&#8217;equips. Molt probablement, ja mateix o en un futur proper tindr\u00e0s un equip al teu c\u00e0rrec i \u00e9s important que coneguis les claus per liderar-lo.<\/span><\/span><\/li>\n<li><span dir=\"auto\" style=\"vertical-align: inherit\"><span dir=\"auto\" style=\"vertical-align: inherit\">\u00c9s un curs molt pr\u00e0ctic, on es resolen casos reals de les empreses participants.<\/span><\/span><\/li>\n<li><span dir=\"auto\" style=\"vertical-align: inherit\"><span dir=\"auto\" style=\"vertical-align: inherit\">Els professors s\u00f3n professionals (directors de recursos humans, formaci\u00f3 o gerents) de diverses empreses i entitats. Es d\u00f3na un contacte molt proper i es fomenta el networking.<\/span><\/span><\/li>\n<li><span dir=\"auto\" style=\"vertical-align: inherit\"><span dir=\"auto\" style=\"vertical-align: inherit\">El curs es pot realitzar en modalitat en l\u00ednia o semipresencial, encara que nosaltres et recomanem que assisteixis a les sessions.<\/span><\/span><\/li>\n<li><span dir=\"auto\" style=\"vertical-align: inherit\"><span dir=\"auto\" style=\"vertical-align: inherit\">Els teus companys solen ser professionals, per la qual cosa es fomenta el networking entre companys i professors.<\/span><\/span><\/li>\n<li><span dir=\"auto\" style=\"vertical-align: inherit\"><span dir=\"auto\" style=\"vertical-align: inherit\">Les classes seran divendres tarda (de 15 a 21 hores), complementades amb una feina a casa online.<\/span><\/span><\/li>\n<li><span dir=\"auto\" style=\"vertical-align: inherit\"><span dir=\"auto\" style=\"vertical-align: inherit\">Et convidarem a esdeveniments i farem una jornada final de recursos humans i gesti\u00f3 del talent.<\/span><\/span><\/li>\n<li><span dir=\"auto\" style=\"vertical-align: inherit\"><span dir=\"auto\" style=\"vertical-align: inherit\">El curs \u00e9s de 200 hores, amb possibilitat de fer pr\u00e0ctiques volunt\u00e0ries en empreses.<\/span><\/span><\/li>\n<li><span dir=\"auto\" style=\"vertical-align: inherit\"><span dir=\"auto\" style=\"vertical-align: inherit\">Si treballes, la teva empresa el podr\u00e0 finan\u00e7ar a trav\u00e9s de Fundae.<\/span><\/span><\/li>\n<\/ul>\n<p style=\"text-align: justify\"><span dir=\"auto\" style=\"vertical-align: inherit\"><span dir=\"auto\" style=\"vertical-align: inherit\">La satisfacci\u00f3 dels alumnes de la primera edici\u00f3 amb el curs ha estat molt alta. De fet, algun dels participants ha indicat que la seva situaci\u00f3 professional ha millorat gr\u00e0cies a aquest. Per aix\u00f2, si vols parlar amb algun d&#8217;ells, estarem encantats de connectar-vos.<\/span><\/span><\/p>\n<p style=\"text-align: justify\"><span dir=\"auto\" style=\"vertical-align: inherit\"><span dir=\"auto\" style=\"vertical-align: inherit\">Per a m\u00e9s informaci\u00f3, et recomanem que facis una ullada a un\u00a0 <\/span><\/span><a href=\"https:\/\/www.youtube.com\/watch?v=thZk0vLP43Q&amp;feature=share\"><span dir=\"auto\" style=\"vertical-align: inherit\"><span dir=\"auto\" style=\"vertical-align: inherit\">v\u00eddeo-resum<\/span><\/span><\/a><span dir=\"auto\" style=\"vertical-align: inherit\"><span dir=\"auto\" style=\"vertical-align: inherit\"> . Tamb\u00e9 pots fer una ullada a la web\u00a0 <\/span><\/span><a href=\"https:\/\/microcredencialequipos.umh.es\/\"><span dir=\"auto\" style=\"vertical-align: inherit\"><span dir=\"auto\" style=\"vertical-align: inherit\">microcredencial <\/span><\/span><\/a><a href=\"https:\/\/microcredencialequipos.umh.es\/\"><span dir=\"auto\" style=\"vertical-align: inherit\"><span dir=\"auto\" style=\"vertical-align: inherit\">equipos.umh.es<\/span><\/span><\/a><span dir=\"auto\" style=\"vertical-align: inherit\"><span dir=\"auto\" style=\"vertical-align: inherit\"> , o escriure a\u00a0 <\/span><\/span><a class=\"mail-link\" data-enc-email=\"rkcregb.pbzcrgrapvnf[at]hzu.r\" data-wpel-link=\"ignore\"><span dir=\"auto\" style=\"vertical-align: inherit\"><span dir=\"auto\" style=\"vertical-align: inherit\">experto.competencias@umh.e<\/span><\/span><\/a><span dir=\"auto\" style=\"vertical-align: inherit\"><span dir=\"auto\" style=\"vertical-align: inherit\"> \u00a0o trucar al 96 665 87 00.<\/span><\/span><\/p>\n<p style=\"text-align: justify\"><span dir=\"auto\" style=\"vertical-align: inherit\"><span dir=\"auto\" style=\"vertical-align: inherit\">Pel que fa als continguts, estan agrupats en 5 m\u00f2duls:<\/span><\/span><\/p>\n<ul style=\"text-align: justify\">\n<li><strong><span dir=\"auto\" style=\"vertical-align: inherit\"><span dir=\"auto\" style=\"vertical-align: inherit\">Lideratge:<\/span><\/span><\/strong><span dir=\"auto\" style=\"vertical-align: inherit\"><span dir=\"auto\" style=\"vertical-align: inherit\"> Autogesti\u00f3 i gesti\u00f3 de persones. Creativitat en el lideratge. Intel\u00b7lig\u00e8ncia emocional en el lideratge: empatitza, connecta, conven\u00e7. Guiant amb l&#8217;exemple. La influ\u00e8ncia en la direcci\u00f3 dels equips: conven\u00e7, agrada, atrau. Habilitats de direcci\u00f3: estrat\u00e8gia i estructura organitzativa.<\/span><\/span><\/li>\n<li><strong><span dir=\"auto\" style=\"vertical-align: inherit\"><span dir=\"auto\" style=\"vertical-align: inherit\">Coaching:<\/span><\/span><\/strong><span dir=\"auto\" style=\"vertical-align: inherit\"><span dir=\"auto\" style=\"vertical-align: inherit\"> Comunicaci\u00f3 des de la Programaci\u00f3 Neuroling\u00fc\u00edstica (PNL). Coaching personal, empresarial-organitzacional i equips. Iniciativa, canvi i emprenedoria. Estr\u00e8s laboral: estrat\u00e8gies per manejar-ho.<\/span><\/span><\/li>\n<li><strong><span dir=\"auto\" style=\"vertical-align: inherit\"><span dir=\"auto\" style=\"vertical-align: inherit\">Gesti\u00f3 d&#8217;Equips:<\/span><\/span><\/strong><span dir=\"auto\" style=\"vertical-align: inherit\"><span dir=\"auto\" style=\"vertical-align: inherit\"> Assertivitat i empatia al m\u00f3n professional. Gesti\u00f3 de conflictes personals a l&#8217;empresa. Burnout i mobbing: com evitar-los al teu equip. Estrat\u00e8gies dorganitzaci\u00f3 dequips de treball.<\/span><\/span><\/li>\n<li><strong><span dir=\"auto\" style=\"vertical-align: inherit\"><span dir=\"auto\" style=\"vertical-align: inherit\">Presentaci\u00f3 de projectes:<\/span><\/span><\/strong><span dir=\"auto\" style=\"vertical-align: inherit\"><span dir=\"auto\" style=\"vertical-align: inherit\"> Claus de l\u00e8xit empresarial. Estrat\u00e8gies per a la presentaci\u00f3 amb \u00e8xit de projectes (creant marca personal). Networking: gesti\u00f3 de contactes. Desenvolupament d&#8217;habilitats comunicatives a l&#8217;empresa: comunicaci\u00f3 verbal i no verbal.<\/span><\/span><\/li>\n<li><strong><span dir=\"auto\" style=\"vertical-align: inherit\"><span dir=\"auto\" style=\"vertical-align: inherit\">Productivitat:<\/span><\/span><\/strong><span dir=\"auto\" style=\"vertical-align: inherit\"><span dir=\"auto\" style=\"vertical-align: inherit\"> Motivaci\u00f3, rendiment i productivitat a l&#8217;empresa. Eines de productivitat i gesti\u00f3 eficient del temps. Felicitat com a clau de la productivitat. H\u00e0bits productius a la feina.<\/span><\/span><\/li>\n<\/ul>\n<\/div>\n<p style=\"text-align: justify\"><span dir=\"auto\" style=\"vertical-align: inherit\"><span dir=\"auto\" style=\"vertical-align: inherit\">L&#8217;equip docent est\u00e0 format per professionals experts en l&#8217;\u00e0mbit dels RRHH d&#8217;empreses d&#8217;Alacant i M\u00farcia, com Al\u00b7ludium, Clarios, Clavei, Corteva, Embargaments al B\u00e8stia, Fundaci\u00f3 Pascual Ros Aguilar, Fundaci\u00f3 UMH, Hospital Universitari del Vinalop\u00f3, Jomipsa, Leuke, Pikolinos <\/span><span dir=\"auto\" style=\"vertical-align: inherit\">, <\/span><\/span><strong><span dir=\"auto\" style=\"vertical-align: inherit\"><span dir=\"auto\" style=\"vertical-align: inherit\">Planeta Huerto<\/span><\/span><\/strong><span dir=\"auto\" style=\"vertical-align: inherit\"><span dir=\"auto\" style=\"vertical-align: inherit\"> , <\/span><\/span><strong><span dir=\"auto\" style=\"vertical-align: inherit\"><span dir=\"auto\" style=\"vertical-align: inherit\">Serveo<\/span><\/span><\/strong><span dir=\"auto\" style=\"vertical-align: inherit\"><span dir=\"auto\" style=\"vertical-align: inherit\"> altres.<\/span><\/span><\/p>\n<div class=\"content\" style=\"text-align: justify\">\n<p style=\"text-align: justify\"><strong><span dir=\"auto\" style=\"vertical-align: inherit\"><span dir=\"auto\" style=\"vertical-align: inherit\">Com m&#8217;inscric?<\/span><\/span><\/strong><span dir=\"auto\" style=\"vertical-align: inherit\"><span dir=\"auto\" style=\"vertical-align: inherit\"> Entra a\u00a0 <\/span><\/span><a href=\"http:\/\/microcredencialequipos.umh.es\/\"><span dir=\"auto\" style=\"vertical-align: inherit\"><span dir=\"auto\" style=\"vertical-align: inherit\">http:\/\/micreocredencial.umh.es<\/span><\/span><\/a><span dir=\"auto\" style=\"vertical-align: inherit\"><span dir=\"auto\" style=\"vertical-align: inherit\"> i entra a l&#8217;apartat Matr\u00edcula. En aquesta mateixa web pots ampliar tota la informaci\u00f3, encara que tamb\u00e9 et pots adre\u00e7ar al correu: a.moratalla@umh.es o al tel\u00e8fon 96 522 20 87 i preguntar per Susi Moratalla.<\/span><\/span><\/p>\n<\/div>\n<p><\/p>\n<div class='bookmarkify'><a name='bookmarkify'><\/a><div class='linkbuttons'><a href='http:\/\/www.facebook.com\/share.php?u=https:\/\/observatorio.umh.es\/ca\/2026\/09\/02\/microcredencial-en-direccion-de-equipos\/' title='Save to Facebook' onclick='target=\"_blank\";' rel='nofollow'><img src='https:\/\/observatorio.umh.es\/wp-content\/plugins\/bookmarkify\/facebook.png' style='width:16px; height:16px;' alt='[Facebook] ' \/><\/a> <a href='http:\/\/www.google.com\/bookmarks\/mark?op=edit&amp;output=popup&amp;bkmk=https:\/\/observatorio.umh.es\/ca\/2026\/09\/02\/microcredencial-en-direccion-de-equipos\/&amp;title=Microcredencial en Direcci\u00f3 d&#8217;Equips' title='Save to Google Bookmarks' onclick='target=\"_blank\";' rel='nofollow'><img src='https:\/\/observatorio.umh.es\/wp-content\/plugins\/bookmarkify\/google.png' style='width:16px; height:16px;' alt='[Google] ' \/><\/a> <a href='http:\/\/twitter.com\/home\/?status=Microcredencial en Direcci\u00f3 d&#8217;Equips+https:\/\/observatorio.umh.es\/ca\/2026\/09\/02\/microcredencial-en-direccion-de-equipos\/' title='Save to Twitter' onclick='target=\"_blank\";' rel='nofollow'><img src='https:\/\/observatorio.umh.es\/wp-content\/plugins\/bookmarkify\/twitter.png' style='width:16px; height:16px;' alt='[Twitter] ' \/><\/a> <\/div><\/div>","protected":false},"excerpt":{"rendered":"<p>La Microcredencial en Direcci\u00f3 d&#8217;Equips \u00a0\u00e9s un t\u00edtol de\u00a0 formaci\u00f3 presencial que us permetr\u00e0 potenciar el vostre lideratge, crear equips eficients i augmentar la productivitat d&#8217;empreses i organitzacions. El programa s&#8217;estructura en 20 seminaris i tallers teoricopr\u00e0ctics (a impartir entre els mesos de 0ctubre a mar\u00e7), amb una durada de 60 hores.<br \/>\nQuins avantatges et pot [&#8230;]<\/p>\n","protected":false},"author":357,"featured_media":0,"comment_status":"closed","ping_status":"open","sticky":false,"template":"","format":"standard","meta":{"_links_to":"","_links_to_target":""},"categories":[509],"tags":[1503458],"_links":{"self":[{"href":"https:\/\/observatorio.umh.es\/ca\/wp-json\/wp\/v2\/posts\/18681"}],"collection":[{"href":"https:\/\/observatorio.umh.es\/ca\/wp-json\/wp\/v2\/posts"}],"about":[{"href":"https:\/\/observatorio.umh.es\/ca\/wp-json\/wp\/v2\/types\/post"}],"author":[{"embeddable":true,"href":"https:\/\/observatorio.umh.es\/ca\/wp-json\/wp\/v2\/users\/357"}],"replies":[{"embeddable":true,"href":"https:\/\/observatorio.umh.es\/ca\/wp-json\/wp\/v2\/comments?post=18681"}],"version-history":[{"count":0,"href":"https:\/\/observatorio.umh.es\/ca\/wp-json\/wp\/v2\/posts\/18681\/revisions"}],"wp:attachment":[{"href":"https:\/\/observatorio.umh.es\/ca\/wp-json\/wp\/v2\/media?parent=18681"}],"wp:term":[{"taxonomy":"category","embeddable":true,"href":"https:\/\/observatorio.umh.es\/ca\/wp-json\/wp\/v2\/categories?post=18681"},{"taxonomy":"post_tag","embeddable":true,"href":"https:\/\/observatorio.umh.es\/ca\/wp-json\/wp\/v2\/tags?post=18681"}],"curies":[{"name":"wp","href":"https:\/\/api.w.org\/{rel}","templated":true}]}}