{"id":17794,"date":"2026-02-19T13:28:59","date_gmt":"2026-02-19T12:28:59","guid":{"rendered":"https:\/\/observatorio.umh.es\/?p=17794"},"modified":"2026-04-22T10:20:04","modified_gmt":"2026-04-22T08:20:04","slug":"xiii-empleoweekend-umh-pon-en-practica-tus-habilidades-en-entrevistas-reales","status":"publish","type":"post","link":"https:\/\/observatorio.umh.es\/ca\/2026\/02\/19\/xiii-empleoweekend-umh-pon-en-practica-tus-habilidades-en-entrevistas-reales\/","title":{"rendered":"XIII Ocupaci\u00f3Weekend UMH: Posa en pr\u00e0ctica les teves habilitats en entrevistes reals"},"content":{"rendered":"<p><\/p>\n<div style=\"text-align: justify\"><a href=\"https:\/\/observatorio.umh.es\/files\/2026\/02\/Web-Empleoweekend-2026.jpg\"><img loading=\"lazy\" class=\"size-medium wp-image-17797 alignright\" src=\"https:\/\/observatorio.umh.es\/files\/2026\/02\/Web-Empleoweekend-2026-300x169.jpg\" alt=\"\" width=\"300\" height=\"169\" srcset=\"https:\/\/observatorio.umh.es\/files\/2026\/02\/Web-Empleoweekend-2026-300x169.jpg 300w, https:\/\/observatorio.umh.es\/files\/2026\/02\/Web-Empleoweekend-2026-1024x576.jpg 1024w, https:\/\/observatorio.umh.es\/files\/2026\/02\/Web-Empleoweekend-2026-768x432.jpg 768w, https:\/\/observatorio.umh.es\/files\/2026\/02\/Web-Empleoweekend-2026-1536x864.jpg 1536w, https:\/\/observatorio.umh.es\/files\/2026\/02\/Web-Empleoweekend-2026.jpg 1920w\" sizes=\"(max-width: 300px) 100vw, 300px\" \/><\/a><\/div>\n<div style=\"text-align: justify\"><span dir=\"auto\" style=\"vertical-align: inherit\"><span dir=\"auto\" style=\"vertical-align: inherit\">Des de l&#8217;Observatori Ocupacional UMH us convidem a l&#8217;\u00a0 <\/span><\/span><b><span class=\"il\"><span dir=\"auto\" style=\"vertical-align: inherit\"><span dir=\"auto\" style=\"vertical-align: inherit\">EmpleoWeekend<\/span><\/span><\/span><span dir=\"auto\" style=\"vertical-align: inherit\"><span dir=\"auto\" style=\"vertical-align: inherit\"> \u00a0202 <\/span><\/span><span class=\"gmail_default\"><span dir=\"auto\" style=\"vertical-align: inherit\"><span dir=\"auto\" style=\"vertical-align: inherit\">6<\/span><\/span><\/span><span dir=\"auto\" style=\"vertical-align: inherit\"><span dir=\"auto\" style=\"vertical-align: inherit\"> , un esdeveniment formatiu que inclou processos de selecci\u00f3, entrevistes (grupals i individuals), networking i mentoring\u00a0<\/span><\/span><\/b><span dir=\"auto\" style=\"vertical-align: inherit\"><span dir=\"auto\" style=\"vertical-align: inherit\"> per part de diverses empreses, i que tindr\u00e0 lloc els dies\u00a0 <\/span><\/span><span class=\"gmail_default\"><u><span dir=\"auto\" style=\"vertical-align: inherit\"><span dir=\"auto\" style=\"vertical-align: inherit\">5<\/span><\/span><\/u><\/span><u><span dir=\"auto\" style=\"vertical-align: inherit\"><span dir=\"auto\" style=\"vertical-align: inherit\"> \u00a0i\u00a0 <\/span><\/span><span class=\"gmail_default\"><span dir=\"auto\" style=\"vertical-align: inherit\"><span dir=\"auto\" style=\"vertical-align: inherit\">6<\/span><\/span><\/span><span dir=\"auto\" style=\"vertical-align: inherit\"><span dir=\"auto\" style=\"vertical-align: inherit\"> \u00a0de mar\u00e7, de 9:00 a 14.00 hores<\/span><\/span><\/u><span dir=\"auto\" style=\"vertical-align: inherit\"><span dir=\"auto\" style=\"vertical-align: inherit\"> .<\/span><\/span><\/div>\n<div><\/div>\n<ul>\n<li style=\"text-align: justify\"><span dir=\"auto\" style=\"vertical-align: inherit\"><span dir=\"auto\" style=\"vertical-align: inherit\">El dijous\u00a0 <\/span><\/span><span class=\"gmail_default\"><span dir=\"auto\" style=\"vertical-align: inherit\"><span dir=\"auto\" style=\"vertical-align: inherit\">5<\/span><\/span><\/span><span dir=\"auto\" style=\"vertical-align: inherit\"><span dir=\"auto\" style=\"vertical-align: inherit\"> \u00a0de mar\u00e7 (de forma en l\u00ednia) l&#8217;equip de l&#8217;Observatori Ocupacional realitzar\u00e0 diferents activitats formatives per preparar el proc\u00e9s de selecci\u00f3 en qu\u00e8 participar\u00e0s el dia seg\u00fcent, i que et permetr\u00e0 realitzar entrevistes grupals i individuals, activitats de networking i\u00a0 <\/span><\/span><span class=\"gmail_default\"><span dir=\"auto\" style=\"vertical-align: inherit\"><span dir=\"auto\" style=\"vertical-align: inherit\">m<\/span><\/span><\/span><span dir=\"auto\" style=\"vertical-align: inherit\"><span dir=\"auto\" style=\"vertical-align: inherit\"> entoring. Aquesta sessi\u00f3 es desenvolupar\u00e0 a trav\u00e9s de Google Meet.<\/span><\/span><\/li>\n<li style=\"text-align: justify\"><span dir=\"auto\" style=\"vertical-align: inherit\"><span dir=\"auto\" style=\"vertical-align: inherit\">Divendres\u00a0 <\/span><\/span><span class=\"gmail_default\"><span dir=\"auto\" style=\"vertical-align: inherit\"><span dir=\"auto\" style=\"vertical-align: inherit\">6<\/span><\/span><\/span><span dir=\"auto\" style=\"vertical-align: inherit\"><span dir=\"auto\" style=\"vertical-align: inherit\"> \u00a0de mar\u00e7 (de forma presencial) s&#8217;espera la participaci\u00f3 de m\u00e9s de 100 persones entre col\u00b7lectiu universitari UMH i professionals de les entitats participants. Aquesta sessi\u00f3 es far\u00e0 a l&#8217;edifici Innova del campus d&#8217;Elx. Per con\u00e8ixer les entitats que vindran segueix-nos (@observatorioumh) a trav\u00e9s dels nostres perfils a Instagram, LinkedIn i X.<\/span><\/span><\/li>\n<\/ul>\n<div class=\"gmail_quote\">\n<div dir=\"ltr\">\n<div class=\"gmail_quote\">\n<div dir=\"ltr\">\n<div class=\"gmail_quote\">\n<div dir=\"ltr\">\n<p style=\"text-align: justify\"><a href=\"https:\/\/docs.google.com\/forms\/d\/e\/1FAIpQLScNygnTHfUaEA4iYiUuHTAbU1H0VJIsn6xD1LvYjsCA6GYjXA\/viewform\" target=\"_blank\" rel=\"noopener\" data-saferedirecturl=\"https:\/\/www.google.com\/url?q=https:\/\/docs.google.com\/forms\/d\/e\/1FAIpQLScNygnTHfUaEA4iYiUuHTAbU1H0VJIsn6xD1LvYjsCA6GYjXA\/viewform&amp;source=gmail&amp;ust=1771590389447000&amp;usg=AOvVaw0qac6mm4sa06mnUmgB067y\"><b><span dir=\"auto\" style=\"vertical-align: inherit\"><span dir=\"auto\" style=\"vertical-align: inherit\">Pots inscriure&#8217;t en aquest enlla\u00e7<\/span><\/span><\/b><\/a><span dir=\"auto\" style=\"vertical-align: inherit\"><span dir=\"auto\" style=\"vertical-align: inherit\"> aportant el curr\u00edculum amb qu\u00e8 participar\u00e0s. En aquest sentit, podeu revisar aquests\u00a0<\/span><\/span><a href=\"https:\/\/observatorio.umh.es\/files\/2016\/10\/02-Haz-un-buen-curr%C3%ADculum-V6-enero-18.pdf\" target=\"_blank\" rel=\"noopener\" data-saferedirecturl=\"https:\/\/www.google.com\/url?q=https:\/\/observatorio.umh.es\/files\/2016\/10\/02-Haz-un-buen-curr%25C3%25ADculum-V6-enero-18.pdf&amp;source=gmail&amp;ust=1771590389447000&amp;usg=AOvVaw1Eaiqq9d5Yxu0vzw1VRX2K\"><span dir=\"auto\" style=\"vertical-align: inherit\"><span dir=\"auto\" style=\"vertical-align: inherit\"> consells per realitzar un bon CV<\/span><\/span><\/a><span dir=\"auto\" style=\"vertical-align: inherit\"><span dir=\"auto\" style=\"vertical-align: inherit\"> \u00a0i utilitzar l&#8217;eina\u00a0<\/span><\/span><a href=\"https:\/\/www.canva.com\/\" target=\"_blank\" rel=\"noopener\" data-saferedirecturl=\"https:\/\/www.google.com\/url?q=https:\/\/www.canva.com\/&amp;source=gmail&amp;ust=1771590389447000&amp;usg=AOvVaw2x1nuY-TaoRuNOa41NPdTo\"><span dir=\"auto\" style=\"vertical-align: inherit\"><span dir=\"auto\" style=\"vertical-align: inherit\"> Canva<\/span><\/span><\/a><span dir=\"auto\" style=\"vertical-align: inherit\"><span dir=\"auto\" style=\"vertical-align: inherit\"> .<\/span><\/span><\/p>\n<p style=\"text-align: justify\"><span dir=\"auto\" style=\"vertical-align: inherit\"><span dir=\"auto\" style=\"vertical-align: inherit\">En anteriors edicions les persones assistents han manifestat sentir-se m\u00e9s segures per a futurs processos de selecci\u00f3, i moltes de les entitats col\u00b7laboradores han seleccionat estudiants i titulats per a pr\u00e0ctiques i feina.<\/span><\/span><\/p>\n<p style=\"text-align: justify\"><span dir=\"auto\" style=\"vertical-align: inherit\"><span dir=\"auto\" style=\"vertical-align: inherit\">Per a qualsevol consulta o aclariment pots contactar amb nosaltres per correu ( <\/span><\/span><a rel=\"noopener\"><span id=\"m_-7411824903329258925m_-7041855226152255516m_5366272785366813697m_716095546175652812eeb-276596-291224\"><span dir=\"auto\" style=\"vertical-align: inherit\"><span dir=\"auto\" style=\"vertical-align: inherit\">observatorio.datos@umh.es<\/span><\/span><\/span><\/a><span dir=\"auto\" style=\"vertical-align: inherit\"><span dir=\"auto\" style=\"vertical-align: inherit\"> ) o per tel\u00e8fon 96 665 87 00. T&#8217;esperem!<\/span><\/span><\/p>\n<\/div>\n<\/div>\n<\/div>\n<\/div>\n<\/div>\n<\/div>\n<p><\/p>\n<div class='bookmarkify'><a name='bookmarkify'><\/a><div class='linkbuttons'><a href='http:\/\/www.facebook.com\/share.php?u=https:\/\/observatorio.umh.es\/ca\/2026\/02\/19\/xiii-empleoweekend-umh-pon-en-practica-tus-habilidades-en-entrevistas-reales\/' title='Save to Facebook' onclick='target=\"_blank\";' rel='nofollow'><img src='https:\/\/observatorio.umh.es\/wp-content\/plugins\/bookmarkify\/facebook.png' style='width:16px; height:16px;' alt='[Facebook] ' \/><\/a> <a href='http:\/\/www.google.com\/bookmarks\/mark?op=edit&amp;output=popup&amp;bkmk=https:\/\/observatorio.umh.es\/ca\/2026\/02\/19\/xiii-empleoweekend-umh-pon-en-practica-tus-habilidades-en-entrevistas-reales\/&amp;title=XIII Ocupaci\u00f3Weekend UMH: Posa en pr\u00e0ctica les teves habilitats en entrevistes reals' title='Save to Google Bookmarks' onclick='target=\"_blank\";' rel='nofollow'><img src='https:\/\/observatorio.umh.es\/wp-content\/plugins\/bookmarkify\/google.png' style='width:16px; height:16px;' alt='[Google] ' \/><\/a> <a href='http:\/\/twitter.com\/home\/?status=XIII Ocupaci\u00f3Weekend UMH: Posa en pr\u00e0ctica les teves habilitats en entrevistes reals+https:\/\/observatorio.umh.es\/ca\/2026\/02\/19\/xiii-empleoweekend-umh-pon-en-practica-tus-habilidades-en-entrevistas-reales\/' title='Save to Twitter' onclick='target=\"_blank\";' rel='nofollow'><img src='https:\/\/observatorio.umh.es\/wp-content\/plugins\/bookmarkify\/twitter.png' style='width:16px; height:16px;' alt='[Twitter] ' \/><\/a> <\/div><\/div>","protected":false},"excerpt":{"rendered":"<p>Des de l&#8217;Observatori Ocupacional UMH us convidem a l&#8217;\u00a0 EmpleoWeekend \u00a0202 6 , un esdeveniment formatiu que inclou processos de selecci\u00f3, entrevistes (grupals i individuals), networking i mentoring\u00a0 per part de diverses empreses, i que tindr\u00e0 lloc els dies\u00a0 5 \u00a0i\u00a0 6 \u00a0de mar\u00e7, de 9:00 a 14.00 hores .<\/p>\n<p>El dijous\u00a0 5 \u00a0de mar\u00e7 (de [&#8230;]<\/p>\n","protected":false},"author":357,"featured_media":0,"comment_status":"closed","ping_status":"open","sticky":false,"template":"","format":"standard","meta":{"_links_to":"","_links_to_target":""},"categories":[509,4],"tags":[8557],"_links":{"self":[{"href":"https:\/\/observatorio.umh.es\/ca\/wp-json\/wp\/v2\/posts\/17794"}],"collection":[{"href":"https:\/\/observatorio.umh.es\/ca\/wp-json\/wp\/v2\/posts"}],"about":[{"href":"https:\/\/observatorio.umh.es\/ca\/wp-json\/wp\/v2\/types\/post"}],"author":[{"embeddable":true,"href":"https:\/\/observatorio.umh.es\/ca\/wp-json\/wp\/v2\/users\/357"}],"replies":[{"embeddable":true,"href":"https:\/\/observatorio.umh.es\/ca\/wp-json\/wp\/v2\/comments?post=17794"}],"version-history":[{"count":0,"href":"https:\/\/observatorio.umh.es\/ca\/wp-json\/wp\/v2\/posts\/17794\/revisions"}],"wp:attachment":[{"href":"https:\/\/observatorio.umh.es\/ca\/wp-json\/wp\/v2\/media?parent=17794"}],"wp:term":[{"taxonomy":"category","embeddable":true,"href":"https:\/\/observatorio.umh.es\/ca\/wp-json\/wp\/v2\/categories?post=17794"},{"taxonomy":"post_tag","embeddable":true,"href":"https:\/\/observatorio.umh.es\/ca\/wp-json\/wp\/v2\/tags?post=17794"}],"curies":[{"name":"wp","href":"https:\/\/api.w.org\/{rel}","templated":true}]}}