{"id":1132,"date":"2011-11-11T12:41:05","date_gmt":"2011-11-11T10:41:05","guid":{"rendered":"http:\/\/observatorio.zeus.umh.es\/?p=1132"},"modified":"2012-04-23T12:01:07","modified_gmt":"2012-04-23T11:01:07","slug":"jornada-de-puertas-abiertas-en-el-vivero-de-empresas-de-elche-parque-empresarial","status":"publish","type":"post","link":"https:\/\/observatorio.umh.es\/ca\/2011\/11\/11\/jornada-de-puertas-abiertas-en-el-vivero-de-empresas-de-elche-parque-empresarial\/","title":{"rendered":"Jornada de Puertas Abiertas en el Vivero de Empresas de Elche Parque Empresarial"},"content":{"rendered":"<p style=\"text-align: justify\"><a href=\"https:\/\/observatorio.umh.es\/files\/2011\/11\/imagen-open-come-in1.jpg\"><strong><img loading=\"lazy\" class=\"alignright size-medium wp-image-1134\" src=\"https:\/\/observatorio.umh.es\/files\/2011\/11\/imagen-open-come-in1.jpg\" alt=\"\" width=\"99\" height=\"144\" \/><\/strong><\/a><strong>17 de noviembre, de 9 a 13.30 horas<\/strong>, en el Vivero de Empresas de Elche Parque Empresarial. El Vivero de Empresas de Elche celebra su 2\u00ba Aniversario. En estos dos a\u00f1os un total de 30 Empresas han depositado su confianza, ubic\u00e1ndose en\u00a0el Vivero. Por este motivo, la Delegaci\u00f3n de la C\u00e1mara de Alicante en Elche, organiza una serie de actividades enfocadas a la creaci\u00f3n de empresas, y dirigidas principalmente a emprendedores. Entre las actividades organizadas, cabe destacar la organizaci\u00f3n de un taller pr\u00e1ctico enfocado a la creaci\u00f3n del autoempleo, <strong>Impartido por Cristina de Arozamena, Directora del Instituto Coaching. <\/strong><\/p>\n<p style=\"text-align: justify\">Objetivos:<\/p>\n<ul style=\"text-align: justify\">\n<li>Potenciar la creaci\u00f3n de nuevas empresas.<\/li>\n<li>Ayudar a los emprendedores en sus proyectos favoreci\u00e9ndoles la gesti\u00f3n en los tr\u00e1mites de alta, organizando actividades formativas e informativas de asesoramiento.<\/li>\n<li>Facilitarles el acceso a un despacho en un entorno empresarial donde poder iniciar y consolidar sus proyectos de empresa.<\/li>\n<\/ul>\n<p style=\"text-align: justify\"><a href=\"http:\/\/www.camaralicante.com\/viveroelche\/?a=TXN0clljN2pncFI4ZHFrYXlNMW1yVnpKRWJHYzBXbnlXVHY=\">M\u00e1s informaci\u00f3n | Inscripciones<\/a><\/p>\n<div class='bookmarkify'><a name='bookmarkify'><\/a><div class='linkbuttons'><a href='http:\/\/www.facebook.com\/share.php?u=https:\/\/observatorio.umh.es\/ca\/2011\/11\/11\/jornada-de-puertas-abiertas-en-el-vivero-de-empresas-de-elche-parque-empresarial\/' title='Save to Facebook' onclick='target=\"_blank\";' rel='nofollow'><img src='https:\/\/observatorio.umh.es\/wp-content\/plugins\/bookmarkify\/facebook.png' style='width:16px; height:16px;' alt='[Facebook] ' \/><\/a> <a href='http:\/\/www.google.com\/bookmarks\/mark?op=edit&amp;output=popup&amp;bkmk=https:\/\/observatorio.umh.es\/ca\/2011\/11\/11\/jornada-de-puertas-abiertas-en-el-vivero-de-empresas-de-elche-parque-empresarial\/&amp;title=Jornada de Puertas Abiertas en el Vivero de Empresas de Elche Parque Empresarial' title='Save to Google Bookmarks' onclick='target=\"_blank\";' rel='nofollow'><img src='https:\/\/observatorio.umh.es\/wp-content\/plugins\/bookmarkify\/google.png' style='width:16px; height:16px;' alt='[Google] ' \/><\/a> <a href='http:\/\/twitter.com\/home\/?status=Jornada de Puertas Abiertas en el Vivero de Empresas de Elche Parque Empresarial+https:\/\/observatorio.umh.es\/ca\/2011\/11\/11\/jornada-de-puertas-abiertas-en-el-vivero-de-empresas-de-elche-parque-empresarial\/' title='Save to Twitter' onclick='target=\"_blank\";' rel='nofollow'><img src='https:\/\/observatorio.umh.es\/wp-content\/plugins\/bookmarkify\/twitter.png' style='width:16px; height:16px;' alt='[Twitter] ' \/><\/a> <\/div><\/div>","protected":false},"excerpt":{"rendered":"<p>17 de noviembre, de 9 a 13.30 horas, en el Vivero de Empresas de Elche Parque Empresarial. El Vivero de Empresas de Elche celebra su 2\u00ba Aniversario. En estos dos a\u00f1os un total de 30 Empresas han depositado su confianza, ubic\u00e1ndose en\u00a0el Vivero. Por este motivo, la Delegaci\u00f3n de la C\u00e1mara de Alicante en Elche, [&#8230;]<\/p>\n","protected":false},"author":357,"featured_media":0,"comment_status":"closed","ping_status":"open","sticky":false,"template":"","format":"standard","meta":{"_links_to":"","_links_to_target":""},"categories":[509,4,1648],"tags":[],"_links":{"self":[{"href":"https:\/\/observatorio.umh.es\/ca\/wp-json\/wp\/v2\/posts\/1132"}],"collection":[{"href":"https:\/\/observatorio.umh.es\/ca\/wp-json\/wp\/v2\/posts"}],"about":[{"href":"https:\/\/observatorio.umh.es\/ca\/wp-json\/wp\/v2\/types\/post"}],"author":[{"embeddable":true,"href":"https:\/\/observatorio.umh.es\/ca\/wp-json\/wp\/v2\/users\/357"}],"replies":[{"embeddable":true,"href":"https:\/\/observatorio.umh.es\/ca\/wp-json\/wp\/v2\/comments?post=1132"}],"version-history":[{"count":0,"href":"https:\/\/observatorio.umh.es\/ca\/wp-json\/wp\/v2\/posts\/1132\/revisions"}],"wp:attachment":[{"href":"https:\/\/observatorio.umh.es\/ca\/wp-json\/wp\/v2\/media?parent=1132"}],"wp:term":[{"taxonomy":"category","embeddable":true,"href":"https:\/\/observatorio.umh.es\/ca\/wp-json\/wp\/v2\/categories?post=1132"},{"taxonomy":"post_tag","embeddable":true,"href":"https:\/\/observatorio.umh.es\/ca\/wp-json\/wp\/v2\/tags?post=1132"}],"curies":[{"name":"wp","href":"https:\/\/api.w.org\/{rel}","templated":true}]}}