{"id":1021,"date":"2011-10-26T18:01:38","date_gmt":"2011-10-26T16:01:38","guid":{"rendered":"http:\/\/observatorio.zeus.umh.es\/?p=1021"},"modified":"2011-12-07T13:10:05","modified_gmt":"2011-12-07T12:10:05","slug":"lena-schneider-voluntaria-europea-colabora-con-el-observatorio-ocupacional-umh","status":"publish","type":"post","link":"https:\/\/observatorio.umh.es\/ca\/2011\/10\/26\/lena-schneider-voluntaria-europea-colabora-con-el-observatorio-ocupacional-umh\/","title":{"rendered":"Lena Schneider, voluntaria europea colabora con el Observatorio Ocupacional UMH"},"content":{"rendered":"<p><\/p>\n<p style=\"text-align: justify\">Al equipo del Observatorio Ocupacional UMH se ha unido <strong>Lena Schneider<\/strong>, una voluntaria Europea que viene desde Alemania. Ella forma parte del <a href=\"http:\/\/www.juventudenaccion.injuve.es\/opencms\/opencms\/programa\/acciones\/sve\/index.html\">Servicio Voluntario Europeo<\/a> 2011 y estar\u00e1 hasta el mes de Julio en Elche como voluntaria en los centros juveniles del <a href=\"http:\/\/www.elche.es\/ilive\/Main?ISUM_Lang=1\">Ayuntamiento de Elche<\/a>. Asimismo, colaborar\u00e1 con el Observatorio Ocupacional orientando a los estudiantes y titulados de la UMH que como ella quieran hacer un voluntariado en Europa. De este modo, resolver\u00e1 dudas sobre el Servicio de Voluntariado Europeo (SVE), ayudar\u00e1 con los tr\u00e1mites necesarios para realizarlo, expondr\u00e1 su caso como experiencia y aconsejar\u00e1 sobre los distintos proyectos que los voluntarios pueden acometer, de modo que se ajusten a los gustos o las expectativas de las personas interesadas. Tambi\u00e9n orientar\u00e1 sobre c\u00f3mo elaborar el curr\u00edculum vitae o la carta de presentaci\u00f3n, mostrando el mejor formato en funci\u00f3n de la experiencia atesorada o el pa\u00eds de destino, con el objetivo de ayudar a estudiantes y titulados de la UMH a conseguir su voluntariado.<\/p>\n<p style=\"text-align: justify\">Adem\u00e1s, realizar\u00e1 t\u00e1ndems ling\u00fc\u00edsticos junto con otros voluntarios que colaborar\u00e1n con el Ayuntamiento de Elche. Uni\u00e9ndose a los estudiantes y titulados de la UMH para practicar los diferentes idiomas, los estudiantes mejorar\u00e1n su ingl\u00e9s, alem\u00e1n etc. y los voluntarios har\u00e1n lo mismo con el castellano.<\/p>\n<p style=\"text-align: justify\">Para todos los interesados en el servicio de voluntariado europeo, Lena estar\u00e1 en el Observatorio las ma\u00f1anas de los lunes y mi\u00e9rcoles, de 10 a 13 horas, y se informar\u00e1 a trav\u00e9s de las distintas redes sociales (busca \u2018observatorioumh&#8217; en Facebook o Tuenti).<\/p>\n<p style=\"text-align: justify\">Desde el Observatorio Ocupacional le damos la bienvenida, y estamos seguros de que va a aprender much\u00edsimo de esta experiencia, al igual que nosotros con su paso por el Observatorio.<\/p>\n<p><\/p>\n<div class='bookmarkify'><a name='bookmarkify'><\/a><div class='linkbuttons'><a href='http:\/\/www.facebook.com\/share.php?u=https:\/\/observatorio.umh.es\/ca\/2011\/10\/26\/lena-schneider-voluntaria-europea-colabora-con-el-observatorio-ocupacional-umh\/' title='Save to Facebook' onclick='target=\"_blank\";' rel='nofollow'><img src='https:\/\/observatorio.umh.es\/wp-content\/plugins\/bookmarkify\/facebook.png' style='width:16px; height:16px;' alt='[Facebook] ' \/><\/a> <a href='http:\/\/www.google.com\/bookmarks\/mark?op=edit&amp;output=popup&amp;bkmk=https:\/\/observatorio.umh.es\/ca\/2011\/10\/26\/lena-schneider-voluntaria-europea-colabora-con-el-observatorio-ocupacional-umh\/&amp;title=Lena Schneider, voluntaria europea colabora con el Observatorio Ocupacional UMH' title='Save to Google Bookmarks' onclick='target=\"_blank\";' rel='nofollow'><img src='https:\/\/observatorio.umh.es\/wp-content\/plugins\/bookmarkify\/google.png' style='width:16px; height:16px;' alt='[Google] ' \/><\/a> <a href='http:\/\/twitter.com\/home\/?status=Lena Schneider, voluntaria europea colabora con el Observatorio Ocupacional UMH+https:\/\/observatorio.umh.es\/ca\/2011\/10\/26\/lena-schneider-voluntaria-europea-colabora-con-el-observatorio-ocupacional-umh\/' title='Save to Twitter' onclick='target=\"_blank\";' rel='nofollow'><img src='https:\/\/observatorio.umh.es\/wp-content\/plugins\/bookmarkify\/twitter.png' style='width:16px; height:16px;' alt='[Twitter] ' \/><\/a> <\/div><\/div>","protected":false},"excerpt":{"rendered":"<p>Al equipo del Observatorio Ocupacional UMH se ha unido Lena Schneider, una voluntaria Europea que viene desde Alemania. Ella forma parte del Servicio Voluntario Europeo 2011 y estar\u00e1 hasta el mes de Julio en Elche como voluntaria en los centros juveniles del Ayuntamiento de Elche. Asimismo, colaborar\u00e1 con el Observatorio Ocupacional orientando a los estudiantes [&#8230;]<\/p>\n","protected":false},"author":357,"featured_media":0,"comment_status":"closed","ping_status":"open","sticky":false,"template":"","format":"standard","meta":{"_links_to":"","_links_to_target":""},"categories":[1640,1649],"tags":[1783],"_links":{"self":[{"href":"https:\/\/observatorio.umh.es\/ca\/wp-json\/wp\/v2\/posts\/1021"}],"collection":[{"href":"https:\/\/observatorio.umh.es\/ca\/wp-json\/wp\/v2\/posts"}],"about":[{"href":"https:\/\/observatorio.umh.es\/ca\/wp-json\/wp\/v2\/types\/post"}],"author":[{"embeddable":true,"href":"https:\/\/observatorio.umh.es\/ca\/wp-json\/wp\/v2\/users\/357"}],"replies":[{"embeddable":true,"href":"https:\/\/observatorio.umh.es\/ca\/wp-json\/wp\/v2\/comments?post=1021"}],"version-history":[{"count":0,"href":"https:\/\/observatorio.umh.es\/ca\/wp-json\/wp\/v2\/posts\/1021\/revisions"}],"wp:attachment":[{"href":"https:\/\/observatorio.umh.es\/ca\/wp-json\/wp\/v2\/media?parent=1021"}],"wp:term":[{"taxonomy":"category","embeddable":true,"href":"https:\/\/observatorio.umh.es\/ca\/wp-json\/wp\/v2\/categories?post=1021"},{"taxonomy":"post_tag","embeddable":true,"href":"https:\/\/observatorio.umh.es\/ca\/wp-json\/wp\/v2\/tags?post=1021"}],"curies":[{"name":"wp","href":"https:\/\/api.w.org\/{rel}","templated":true}]}}